{"id":44363,"date":"2021-11-11T12:14:28","date_gmt":"2021-11-11T11:14:28","guid":{"rendered":"https:\/\/www.mijas.es\/portal\/?p=44363"},"modified":"2021-11-11T12:14:31","modified_gmt":"2021-11-11T11:14:31","slug":"sanidad-y-educacion-ponen-en-marcha-una-campana-de-tenencia-responsable-de-mascotas-en-los-colegios-mijenos","status":"publish","type":"post","link":"https:\/\/www.mijas.es\/portal\/sanidad-y-educacion-ponen-en-marcha-una-campana-de-tenencia-responsable-de-mascotas-en-los-colegios-mijenos\/","title":{"rendered":"Sanidad y Educaci\u00f3n ponen en marcha una campa\u00f1a de \u2018tenencia responsable de mascotas\u2019 en los colegios mije\u00f1os"},"content":{"rendered":"\n<ul><li>El objetivo de este proyecto es que el alumnado comprenda la importancia que tiene el hecho de convivir con un animal as\u00ed como el respeto y los cuidados que necesita<\/li><\/ul>\n\n\n\n<p><strong>Mijas, 10 de noviembre de 2021.-<\/strong> La edil de Sanidad, Mari Carmen Gonz\u00e1lez y la concejala de Educaci\u00f3n, Maril\u00f3 Olmedo, han presentado esta ma\u00f1ana la campa\u00f1a puesta en marcha en los centros escolares para la \u201ctenencia responsable de mascotas\u201d. El objetivo principal de este proyecto es que el alumnado mije\u00f1o comprenda la importancia que tiene el hecho de convivir con un animal as\u00ed como el respeto y los cuidados que necesita. \u201cEstamos repartiendo material audiovisual donde participan veterinarios de la ciudad explicando de forma amena en qu\u00e9 consiste tener una mascota y todas las necesidades y la atenci\u00f3n que precisan. La idea es que se traslade a este p\u00fablico de Infantil y Primaria todos estos conocimientos para que puedan asimilarlos en su d\u00eda a d\u00eda y transmitirlos a sus familias\u201d, detalla Gonz\u00e1lez quien a\u00f1ade que \u201ca finales de curso se realizar\u00e1 desde la concejal\u00eda un concurso entre todos los colegios para premiar en diferentes categor\u00edas al alumnado participante y ver c\u00f3mo han asimilado los conocimientos y que iremos perfilando pero que ser\u00e1 o bien con microrrelatos, dibujos o v\u00eddeos, dependiendo de las franjas de edad\u201d.<\/p>\n\n\n\n<p>Este proyecto estaba planteado para abril de 2020 de manera presencial contando con la ayuda de todos estos profesionales del sector veterinario pero al desarrollarse la pandemia ha tenido que esperar y cambiar de formato. Aunque en un principio iba dirigido al alumnado a partir de 3\u00ba de Primaria, los centros escolares han propuesto adaptar el material a otras edades m\u00e1s tempranas para que todos puedan recibir el mensaje. \u201cLos colegios est\u00e1n muy implicados y son ellos los que nos han propuesto trabajar en la manera de que los m\u00e1s peque\u00f1os tambi\u00e9n puedan implicarse en la campa\u00f1a y llevarla hasta sus hogares. Los ni\u00f1os cuentan siempre a sus padres lo que hacen en el \u2018cole\u2019 y esta es una manera de concienciar en una doble vertiente. No olvidemos que se trata de seres vivos que necesitan cari\u00f1o y cuidados y cuanto antes comprendan eso nuestros alumnos m\u00e1s arraigado lo van a llevar a su vida adulta\u201d, se\u00f1ala Olmedo quien concluye diciendo que \u201clo ni\u00f1os son como esponjas que absorben de manera incre\u00edble los conocimientos y se puede ver en todo tipo de iniciativas como el fomento de la lectura, la erradicaci\u00f3n de la violencia de g\u00e9nero o la igualdad entre mujeres y hombres, entre otros\u201d.<\/p>\n","protected":false},"excerpt":{"rendered":"<p>El objetivo de este proyecto es que el alumnado comprenda la importancia que tiene el hecho de convivir con un animal as\u00ed como el respeto y los cuidados que necesita Mijas, 10 de noviembre de 2021.- La edil de Sanidad, Mari Carmen Gonz\u00e1lez y la concejala de Educaci\u00f3n, Maril\u00f3 Olmedo, han presentado esta ma\u00f1ana la [&hellip;]<\/p>\n","protected":false},"author":9,"featured_media":44355,"comment_status":"closed","ping_status":"open","sticky":false,"template":"","format":"standard","meta":[],"categories":[1,19],"tags":[],"jetpack_featured_media_url":"https:\/\/www.mijas.es\/wp-content\/uploads\/2021\/11\/20211110-TENENCIA-RESPONSABLE-DE-MASCOTAS.-MARILO-OLMEDO-Y-MARIA-DEL-CARMEN-GONZALEZ.jpeg","_links":{"self":[{"href":"https:\/\/www.mijas.es\/portal\/wp-json\/wp\/v2\/posts\/44363"}],"collection":[{"href":"https:\/\/www.mijas.es\/portal\/wp-json\/wp\/v2\/posts"}],"about":[{"href":"https:\/\/www.mijas.es\/portal\/wp-json\/wp\/v2\/types\/post"}],"author":[{"embeddable":true,"href":"https:\/\/www.mijas.es\/portal\/wp-json\/wp\/v2\/users\/9"}],"replies":[{"embeddable":true,"href":"https:\/\/www.mijas.es\/portal\/wp-json\/wp\/v2\/comments?post=44363"}],"version-history":[{"count":1,"href":"https:\/\/www.mijas.es\/portal\/wp-json\/wp\/v2\/posts\/44363\/revisions"}],"predecessor-version":[{"id":44364,"href":"https:\/\/www.mijas.es\/portal\/wp-json\/wp\/v2\/posts\/44363\/revisions\/44364"}],"wp:featuredmedia":[{"embeddable":true,"href":"https:\/\/www.mijas.es\/portal\/wp-json\/wp\/v2\/media\/44355"}],"wp:attachment":[{"href":"https:\/\/www.mijas.es\/portal\/wp-json\/wp\/v2\/media?parent=44363"}],"wp:term":[{"taxonomy":"category","embeddable":true,"href":"https:\/\/www.mijas.es\/portal\/wp-json\/wp\/v2\/categories?post=44363"},{"taxonomy":"post_tag","embeddable":true,"href":"https:\/\/www.mijas.es\/portal\/wp-json\/wp\/v2\/tags?post=44363"}],"curies":[{"name":"wp","href":"https:\/\/api.w.org\/{rel}","templated":true}]}}