{"id":44358,"date":"2021-11-11T12:12:04","date_gmt":"2021-11-11T11:12:04","guid":{"rendered":"https:\/\/www.mijas.es\/portal\/?p=44358"},"modified":"2021-11-11T12:13:31","modified_gmt":"2021-11-11T11:13:31","slug":"mijas-pueblo-estrena-el-parque-de-la-muralla-tras-su-renovacion-integral","status":"publish","type":"post","link":"https:\/\/www.mijas.es\/portal\/mijas-pueblo-estrena-el-parque-de-la-muralla-tras-su-renovacion-integral\/","title":{"rendered":"Mijas Pueblo estrena el parque de La Muralla tras su renovaci\u00f3n integral"},"content":{"rendered":"\n<ul><li>En el acto, celebrado el pasado martes, estuvieron presentes miembros de la corporaci\u00f3n municipal, hermandades, AMPAS y asociaciones locales as\u00ed como numerosos ni\u00f1os y ni\u00f1as del municipio<\/li><li>El nuevo espacio cuenta con juegos tem\u00e1ticos relacionados con algunos de los enclaves m\u00e1s ic\u00f3nicos del pueblo como La Puente, las dos torres o las casas encaladas, as\u00ed como una tirolina de 20 metros<\/li><\/ul>\n\n\n\n<p><strong>Mijas, 10 de noviembre de 2021.-<\/strong> El parque La Muralla de Mijas Pueblo ha abierto sus puertas de nuevo tras una renovaci\u00f3n integral de varios meses. En el acto de inauguraci\u00f3n celebrado el pasado martes participaron el alcalde de Mijas, Josele Gonz\u00e1lez, la concejala de Parques y Jardines, Laura Moreno, as\u00ed como otros miembros de la corporaci\u00f3n municipal, hermandades, AMPAS, asociaciones locales y numerosos ni\u00f1os y ni\u00f1as que se dieron cita en el lugar para disfrutar por primera vez este espacio infantil lleno de color y juegos para todos los p\u00fablicos.<\/p>\n\n\n\n<p>\u00abRenovar este parque, uno de los m\u00e1s antiguos del t\u00e9rmino municipal de Mijas, era uno de los compromisos de este equipo de gobierno. Inicialmente, valoramos la posibilidad de sustituir algunos juegos y hacer peque\u00f1as reformas, pero r\u00e1pidamente nos dimos cuenta que lo que necesitaba este espacio era una reestructuraci\u00f3n por completo y as\u00ed lo hemos hecho\u00bb, expuso el regidor mije\u00f1o, quien hizo hincapi\u00e9 en que el espacio cuenta \u00abcon juegos genuinos y pr\u00e1cticamente hechos a medidas, manteniendo lo m\u00e1s pintoresco que tenemos en Mijas Pueblo, esas casas encaladas, La Puente, los burros de Mijas, es decir, elementos que tambi\u00e9n podr\u00e1n disfrutar quienes nos visitan desde el punto de vista tur\u00edstico\u00bb.<\/p>\n\n\n\n<p>El nuevo parque de La Muralla cuenta con per\u00edmetro de seguridad, caucho de colores que cumple con la normativa vigente, paneles l\u00fadicos, balancines, varias zonas multijuego seg\u00fan las edades de los ni\u00f1os y ni\u00f1as, columpios, y por \u00faltimo un gran atractivo para grandes y mayores: una tirolina de 20 metros, estructura que ya se ha implementado en otros parques del municipio como El Esparragal de Las Lagunas y Los Olivos de La Cala.<\/p>\n\n\n\n<p>\u00abSe ha aprovechado al m\u00e1ximo el espacio que tenemos entre la arboleda. Adem\u00e1s de la tirolina de 20 metros que est\u00e1 haciendo las delicias de todos, tenemos columpios inclusivos y una rampa para que puedan disfrutarla los ni\u00f1os y ni\u00f1as con necesidades especiales\u00bb, a\u00f1adi\u00f3 por su parte Moreno, quien se mostr\u00f3 muy satisfecha porque \u00abdespu\u00e9s de much\u00edsimos a\u00f1os vemos el parque de La Muralla renovado, con un parque tem\u00e1tico del pueblo hecho para todos los ni\u00f1os y las ni\u00f1as de Mijas. Ahora solo espero que lo respetemos y lo cuidemos entre todos\u00bb.<\/p>\n\n\n\n<p>En este sentido se pronunci\u00f3 Estefan\u00eda Nao, usuaria del parque: \u00abHay que cuidarlo, es lo m\u00e1s importante. Ha quedado muy bonito, con burros y caballos muy representativos del pueblo y se ve muy seguro\u00bb, asegur\u00f3. \u00abLo que m\u00e1s me ha gustado ha sido la tirolina porque nunca hab\u00eda ido a un parque que tuviese una. Es muy grande y tiene muchas cosas para jugar\u00bb, se\u00f1al\u00f3 por su parte una de las ni\u00f1as asistentes a la inauguraci\u00f3n.<\/p>\n\n\n\n<p>Cabe recordar que en los \u00faltimos meses Mijas ha estrenado los parques de El Esparragal (Las Lagunas), Los Olivos (La Cala), Plaza Virgen de la Pe\u00f1a (Mijas Pueblo), el vallado perimetral del parque El Barco de La Cala, as\u00ed como la renovaci\u00f3n del caucho y otros elementos de diversos espacios infantiles del municipio. Una actuaci\u00f3n ambiciosa que est\u00e1 recogida dentro del plan de mejoras de parques que el Consistorio mije\u00f1o lleva acometiendo desde hace dos a\u00f1os.<\/p>\n\n\n\n<figure class=\"wp-block-image size-large is-resized\"><img decoding=\"async\" src=\"https:\/\/www.mijas.es\/wp-content\/uploads\/2021\/11\/20211110-INAUGURACION-PARQUE-MURALLA-1024x682.jpeg\" alt=\"\" class=\"wp-image-44353\" width=\"718\" height=\"478\" srcset=\"https:\/\/www.mijas.es\/wp-content\/uploads\/2021\/11\/20211110-INAUGURACION-PARQUE-MURALLA-1024x682.jpeg 1024w, https:\/\/www.mijas.es\/wp-content\/uploads\/2021\/11\/20211110-INAUGURACION-PARQUE-MURALLA-300x200.jpeg 300w, https:\/\/www.mijas.es\/wp-content\/uploads\/2021\/11\/20211110-INAUGURACION-PARQUE-MURALLA-768x512.jpeg 768w, https:\/\/www.mijas.es\/wp-content\/uploads\/2021\/11\/20211110-INAUGURACION-PARQUE-MURALLA-1536x1023.jpeg 1536w, https:\/\/www.mijas.es\/wp-content\/uploads\/2021\/11\/20211110-INAUGURACION-PARQUE-MURALLA.jpeg 1600w\" sizes=\"(max-width: 718px) 100vw, 718px\" \/><\/figure>\n","protected":false},"excerpt":{"rendered":"<p>En el acto, celebrado el pasado martes, estuvieron presentes miembros de la corporaci\u00f3n municipal, hermandades, AMPAS y asociaciones locales as\u00ed como numerosos ni\u00f1os y ni\u00f1as del municipio El nuevo espacio cuenta con juegos tem\u00e1ticos relacionados con algunos de los enclaves m\u00e1s ic\u00f3nicos del pueblo como La Puente, las dos torres o las casas encaladas, as\u00ed [&hellip;]<\/p>\n","protected":false},"author":9,"featured_media":44352,"comment_status":"closed","ping_status":"open","sticky":false,"template":"","format":"standard","meta":[],"categories":[1,19],"tags":[],"jetpack_featured_media_url":"https:\/\/www.mijas.es\/wp-content\/uploads\/2021\/11\/20211110-INAUGURACION-PARQUE-MURALLA.-JOSELE-GONZALEZ-Y-LAURA-MORENO.jpeg","_links":{"self":[{"href":"https:\/\/www.mijas.es\/portal\/wp-json\/wp\/v2\/posts\/44358"}],"collection":[{"href":"https:\/\/www.mijas.es\/portal\/wp-json\/wp\/v2\/posts"}],"about":[{"href":"https:\/\/www.mijas.es\/portal\/wp-json\/wp\/v2\/types\/post"}],"author":[{"embeddable":true,"href":"https:\/\/www.mijas.es\/portal\/wp-json\/wp\/v2\/users\/9"}],"replies":[{"embeddable":true,"href":"https:\/\/www.mijas.es\/portal\/wp-json\/wp\/v2\/comments?post=44358"}],"version-history":[{"count":3,"href":"https:\/\/www.mijas.es\/portal\/wp-json\/wp\/v2\/posts\/44358\/revisions"}],"predecessor-version":[{"id":44362,"href":"https:\/\/www.mijas.es\/portal\/wp-json\/wp\/v2\/posts\/44358\/revisions\/44362"}],"wp:featuredmedia":[{"embeddable":true,"href":"https:\/\/www.mijas.es\/portal\/wp-json\/wp\/v2\/media\/44352"}],"wp:attachment":[{"href":"https:\/\/www.mijas.es\/portal\/wp-json\/wp\/v2\/media?parent=44358"}],"wp:term":[{"taxonomy":"category","embeddable":true,"href":"https:\/\/www.mijas.es\/portal\/wp-json\/wp\/v2\/categories?post=44358"},{"taxonomy":"post_tag","embeddable":true,"href":"https:\/\/www.mijas.es\/portal\/wp-json\/wp\/v2\/tags?post=44358"}],"curies":[{"name":"wp","href":"https:\/\/api.w.org\/{rel}","templated":true}]}}