{"id":44356,"date":"2021-11-11T12:10:55","date_gmt":"2021-11-11T11:10:55","guid":{"rendered":"https:\/\/www.mijas.es\/portal\/?p=44356"},"modified":"2021-11-11T12:10:58","modified_gmt":"2021-11-11T11:10:58","slug":"mijas-busca-su-desarrollo-sostenible-a-traves-de-la-mirada-de-los-mas-pequenos","status":"publish","type":"post","link":"https:\/\/www.mijas.es\/portal\/mijas-busca-su-desarrollo-sostenible-a-traves-de-la-mirada-de-los-mas-pequenos\/","title":{"rendered":"Mijas busca su desarrollo sostenible a trav\u00e9s de la mirada de los m\u00e1s peque\u00f1os"},"content":{"rendered":"\n<ul><li>El \u00e1rea de Participaci\u00f3n Ciudadana impulsa un taller en el que da a conocer entre los alumnos de sexto de primaria los Objetivos de Desarrollo Sostenibles y c\u00f3mo alcanzarlos en la localidad<\/li><\/ul>\n\n\n\n<p><strong>Mijas, 10 de noviembre de 2021.-<\/strong> Trabajar la participaci\u00f3n ciudadana y el desarrollo sostenible del municipio desde la mirada de los m\u00e1s peque\u00f1os y peque\u00f1as de Mijas. Este es el objetivo del nuevo taller que ha impulsado el \u00e1rea de Participaci\u00f3n Ciudadana en todos los cursos de sexto de Primaria del municipio.<\/p>\n\n\n\n<p>\u00abEl principal objetivo que vamos a trabajar se centra en las ciudades y comunidades sostenibles, en c\u00f3mo mejorar nuestra ciudad y hacer estas aportaciones. Queremos que los ni\u00f1os y ni\u00f1as tengan un papel relevante en el diagn\u00f3stico municipal que estamos elaborando y que va a servir de punto de partida para llevarlas a cabo en nuestra localidad\u00bb, afirm\u00f3 la edil de Participaci\u00f3n Ciudadana, Tamara Vera, quien ha puntualizado que estos talleres, que se imparten en dos sesiones de 50 minutos cada uno, \u00abquieren dar a conocer los Objetivos de Desarrollo Sostenibles entre la poblaci\u00f3n infantil de Mijas, reflexionar sobre qu\u00e9 podemos&nbsp; hacer cada uno de nosotros para alcanzar los ODS, y recoger las ideas desde la infancia\u00bb.<\/p>\n\n\n\n<p>En esta actividad, se ha explicado al alumnado los 17 objetivos del desarrollo sostenible, centrando el an\u00e1lisis en el objetivo n\u00famero 11 que recoge la ciudad sostenible, resiliente, la justicia social, el cuidado del medio ambiente y las energ\u00edas limpias. Una vez interiorizado, los ni\u00f1os y ni\u00f1as han podido comprender c\u00f3mo su comportamiento diario puede afectar al desarrollo sostenible de su municipio.<\/p>\n\n\n\n<p>\u00abEn esta primera sesi\u00f3n han trabajado de forma individual y se les ha explicado la idea del yo y c\u00f3mo sus acciones tienen repercusi\u00f3n tanto en el municipio como en el mundo. Y a partir de ah\u00ed empezaremos a trabajar la siguiente semana una especie de \u00e1rbol de la vida, donde se van a colgar todo tipo de ideas, vamos a ver de d\u00f3nde partimos, c\u00f3mo la sostenibilidad va cambi\u00e1ndolo todo&nbsp; y c\u00f3mo impacta en el planeta\u00bb, a\u00f1ade por su parte Arancha Lozano, t\u00e9cnico Enreda y responsable de impartir este taller en el colegio Tamixa de Las Lagunas.<\/p>\n","protected":false},"excerpt":{"rendered":"<p>El \u00e1rea de Participaci\u00f3n Ciudadana impulsa un taller en el que da a conocer entre los alumnos de sexto de primaria los Objetivos de Desarrollo Sostenibles y c\u00f3mo alcanzarlos en la localidad Mijas, 10 de noviembre de 2021.- Trabajar la participaci\u00f3n ciudadana y el desarrollo sostenible del municipio desde la mirada de los m\u00e1s peque\u00f1os [&hellip;]<\/p>\n","protected":false},"author":9,"featured_media":44354,"comment_status":"closed","ping_status":"open","sticky":false,"template":"","format":"standard","meta":[],"categories":[1,19],"tags":[],"jetpack_featured_media_url":"https:\/\/www.mijas.es\/wp-content\/uploads\/2021\/11\/20211110-TALLERES-PARTICIPACION-CIUDADANA.-TAMARA-VERA.jpeg","_links":{"self":[{"href":"https:\/\/www.mijas.es\/portal\/wp-json\/wp\/v2\/posts\/44356"}],"collection":[{"href":"https:\/\/www.mijas.es\/portal\/wp-json\/wp\/v2\/posts"}],"about":[{"href":"https:\/\/www.mijas.es\/portal\/wp-json\/wp\/v2\/types\/post"}],"author":[{"embeddable":true,"href":"https:\/\/www.mijas.es\/portal\/wp-json\/wp\/v2\/users\/9"}],"replies":[{"embeddable":true,"href":"https:\/\/www.mijas.es\/portal\/wp-json\/wp\/v2\/comments?post=44356"}],"version-history":[{"count":1,"href":"https:\/\/www.mijas.es\/portal\/wp-json\/wp\/v2\/posts\/44356\/revisions"}],"predecessor-version":[{"id":44357,"href":"https:\/\/www.mijas.es\/portal\/wp-json\/wp\/v2\/posts\/44356\/revisions\/44357"}],"wp:featuredmedia":[{"embeddable":true,"href":"https:\/\/www.mijas.es\/portal\/wp-json\/wp\/v2\/media\/44354"}],"wp:attachment":[{"href":"https:\/\/www.mijas.es\/portal\/wp-json\/wp\/v2\/media?parent=44356"}],"wp:term":[{"taxonomy":"category","embeddable":true,"href":"https:\/\/www.mijas.es\/portal\/wp-json\/wp\/v2\/categories?post=44356"},{"taxonomy":"post_tag","embeddable":true,"href":"https:\/\/www.mijas.es\/portal\/wp-json\/wp\/v2\/tags?post=44356"}],"curies":[{"name":"wp","href":"https:\/\/api.w.org\/{rel}","templated":true}]}}