{"id":44337,"date":"2021-11-10T11:10:15","date_gmt":"2021-11-10T10:10:15","guid":{"rendered":"https:\/\/www.mijas.es\/portal\/?p=44337"},"modified":"2021-11-10T11:10:17","modified_gmt":"2021-11-10T10:10:17","slug":"mijas-impulsa-abre-plazo-de-inscripciones-para-el-curso-de-limpieza-de-superficies-el-17-de-noviembre","status":"publish","type":"post","link":"https:\/\/www.mijas.es\/portal\/mijas-impulsa-abre-plazo-de-inscripciones-para-el-curso-de-limpieza-de-superficies-el-17-de-noviembre\/","title":{"rendered":"Mijas Impulsa abre plazo de inscripciones para el curso de limpieza de superficies el 17 de noviembre"},"content":{"rendered":"\n<ul><li>Esta nueva formaci\u00f3n cuenta con 300 horas, 220 te\u00f3ricas y 80 pr\u00e1cticas y no es necesario formaci\u00f3n acad\u00e9mica previa para solicitar una de las 15 plazas disponibles<\/li><\/ul>\n\n\n\n<p><strong>Mijas, 09 de noviembre de 2021.-<\/strong> El alcalde de Mijas, Josele Gonz\u00e1lez, y la concejala de Fomento, Laura Moreno, han anunciado esta ma\u00f1ana que el pr\u00f3ximo mi\u00e9rcoles 17 de noviembre se abre el plazo de inscripciones para un nuevo curso de Mijas Impulsa, concretamente el de limpieza de superficies y mobiliario en edificios y locales.<\/p>\n\n\n\n<p>\u00abEs una demanda que nos est\u00e1 llegando por parte de much\u00edsimos desempleados y desempleadas de Mijas. Este tipo de cursos da una oportunidad laboral a trav\u00e9s de la formaci\u00f3n, trabajando de la mano de empresas privadas que est\u00e1n aficandas en nuestro municipio en las cuales realizan las pr\u00e1cticas. Todos los alumnos y alumnas de Mijas Impulsa finalizan su formaci\u00f3n con una alta cualificaci\u00f3n, y as\u00ed lo est\u00e1n atestiguando precisamente los altos \u00edndices de contrataci\u00f3n\u00bb.<\/p>\n\n\n\n<p>En este sentido, Moreno ha recordado que el \u00edndice de contrataci\u00f3n del programa \u00absupera el 60 por ciento, y en estos momentos, en plena crisis econ\u00f3mica y sanitaria, tener un \u00edndice de inserci\u00f3n de esa envergadura es fundamental, dado que el objetivo de estos cursos es encontrar un empleo para los desempleados y desempleadas del municipio\u00bb.<\/p>\n\n\n\n<p>El nuevo curso de Limpieza de Superficies cuenta con 300 horas, 220 te\u00f3ricas y 80 pr\u00e1cticas en empresas, y no es necesario formaci\u00f3n acad\u00e9mica previa para solicitar una de las 15 plazas disponibles. \u00abAnimo a todos los desempleados y desempleadas de la zona a que se acerquen al edificio de Fomento y se informen de todos los requisitos necesarios para poder acceder a esta formaci\u00f3n que cuenta con certificado de profesionalidad que les avala para trabajar de forma homologada en toda Europa\u00bb, a\u00f1ade Moreno.<\/p>\n\n\n\n<p>La formaci\u00f3n se extender\u00e1 de diciembre de 2021 a marzo de 2022 y las inscripciones estar\u00e1n abiertas hasta el pr\u00f3ximo 30 de noviembre. El programa Mijas Impulsa es un proyecto gestionado por el departamento de Fomento de Empleo del Ayuntamiento de Mijas, cofinanciado por el Consistorio junto al Fondo Social Europeo en el marco del Programa Operativo de Empleo, Formaci\u00f3n y Educaci\u00f3n destinadas a la inserci\u00f3n de las personas m\u00e1s vulnerables (AP-POEFE).<\/p>\n","protected":false},"excerpt":{"rendered":"<p>Esta nueva formaci\u00f3n cuenta con 300 horas, 220 te\u00f3ricas y 80 pr\u00e1cticas y no es necesario formaci\u00f3n acad\u00e9mica previa para solicitar una de las 15 plazas disponibles Mijas, 09 de noviembre de 2021.- El alcalde de Mijas, Josele Gonz\u00e1lez, y la concejala de Fomento, Laura Moreno, han anunciado esta ma\u00f1ana que el pr\u00f3ximo mi\u00e9rcoles 17 [&hellip;]<\/p>\n","protected":false},"author":9,"featured_media":44332,"comment_status":"closed","ping_status":"open","sticky":false,"template":"","format":"standard","meta":[],"categories":[1,19],"tags":[],"jetpack_featured_media_url":"https:\/\/www.mijas.es\/wp-content\/uploads\/2021\/11\/20211109-MIJAS-IMPULSA.-JOSELE-GONZALEZ-Y-LAURA-MORENO.jpeg","_links":{"self":[{"href":"https:\/\/www.mijas.es\/portal\/wp-json\/wp\/v2\/posts\/44337"}],"collection":[{"href":"https:\/\/www.mijas.es\/portal\/wp-json\/wp\/v2\/posts"}],"about":[{"href":"https:\/\/www.mijas.es\/portal\/wp-json\/wp\/v2\/types\/post"}],"author":[{"embeddable":true,"href":"https:\/\/www.mijas.es\/portal\/wp-json\/wp\/v2\/users\/9"}],"replies":[{"embeddable":true,"href":"https:\/\/www.mijas.es\/portal\/wp-json\/wp\/v2\/comments?post=44337"}],"version-history":[{"count":1,"href":"https:\/\/www.mijas.es\/portal\/wp-json\/wp\/v2\/posts\/44337\/revisions"}],"predecessor-version":[{"id":44338,"href":"https:\/\/www.mijas.es\/portal\/wp-json\/wp\/v2\/posts\/44337\/revisions\/44338"}],"wp:featuredmedia":[{"embeddable":true,"href":"https:\/\/www.mijas.es\/portal\/wp-json\/wp\/v2\/media\/44332"}],"wp:attachment":[{"href":"https:\/\/www.mijas.es\/portal\/wp-json\/wp\/v2\/media?parent=44337"}],"wp:term":[{"taxonomy":"category","embeddable":true,"href":"https:\/\/www.mijas.es\/portal\/wp-json\/wp\/v2\/categories?post=44337"},{"taxonomy":"post_tag","embeddable":true,"href":"https:\/\/www.mijas.es\/portal\/wp-json\/wp\/v2\/tags?post=44337"}],"curies":[{"name":"wp","href":"https:\/\/api.w.org\/{rel}","templated":true}]}}