{"id":44335,"date":"2021-11-10T11:09:37","date_gmt":"2021-11-10T10:09:37","guid":{"rendered":"https:\/\/www.mijas.es\/portal\/?p=44335"},"modified":"2021-11-10T11:09:39","modified_gmt":"2021-11-10T10:09:39","slug":"sale-a-licitacion-la-ejecucion-de-las-obras-de-remodelacion-integral-de-las-calles-nerja-y-casarabonela-en-la-cala-de-mijas","status":"publish","type":"post","link":"https:\/\/www.mijas.es\/portal\/sale-a-licitacion-la-ejecucion-de-las-obras-de-remodelacion-integral-de-las-calles-nerja-y-casarabonela-en-la-cala-de-mijas\/","title":{"rendered":"Sale a licitaci\u00f3n la ejecuci\u00f3n de las obras de remodelaci\u00f3n integral de las calles Nerja y Casarabonela en La Cala de Mijas"},"content":{"rendered":"\n<ul><li>El edil de Obras e Infraestructuras, Jos\u00e9 Carlos Mart\u00edn, y el concejal de&nbsp; Contrataci\u00f3n, Roy P\u00e9rez, han anunciado que este proceso de licitaci\u00f3n estar\u00e1 abierto hasta el 23 de noviembre, con un importe de 347.000 euros y un plazo de ejecuci\u00f3n de 4 meses<\/li><\/ul>\n\n\n\n<p><strong>Mijas, 09 de noviembre de 2021.-<\/strong> El edil de Obras e Infraestructuras, Jos\u00e9 Carlos Mart\u00edn, y el concejal de Contrataci\u00f3n, Roy P\u00e9rez, han anunciado esta ma\u00f1ana que ha salido a licitaci\u00f3n la ejecuci\u00f3n de las obras de remodelaci\u00f3n integral de las calles Nerja y Casarabonela en La Cala de Mijas. \u00abEs una remodelaci\u00f3n integral que, como todas las que llevamos a cabo, lo que trata precisamente es de renovar todos los servicios e infraestructuras de la misma. Adem\u00e1s, vamos a eliminar las barreras arquitect\u00f3nicas de la zona, como venimos haciendo a lo largo de todo este tiempo, buscando que nuestro municipio quede libre de ellas\u00bb, apunta Mart\u00edn.<\/p>\n\n\n\n<p>Por su parte, P\u00e9rez ha destacado que \u00abel proceso de licitaci\u00f3n est\u00e1 abierto desde hoy hasta el 23 de noviembre para poder presentarse, a trav\u00e9s de la plataforma de contrataci\u00f3n del Estado donde van a encontrar los pliegos t\u00e9cnicos, administrativos, y toda la documentaci\u00f3n que les va a facilitar a la hora de estudiar y analizar para poder presentarse al pliego\u00bb, adem\u00e1s ha invitado a todas las empresas interesadas a presentarse.<\/p>\n\n\n\n<p>As\u00ed pues, la ejecuci\u00f3n de esta obra sale a licitaci\u00f3n por un importe de 347.000 euros, con un plazo de ejecuci\u00f3n de 4 meses, y viene a ejecutar una red separativa de pluviales y fecales, una nueva red de alumbrado p\u00fablico, de abastecimiento, de telecomunicaciones y sobretodo, mejorar la pavimentaci\u00f3n y eliminar esas barreras arquitect\u00f3nicas en la l\u00ednea de actuaci\u00f3n por parte del departamento. Asimismo, esta actuaci\u00f3n va a contar con una plataforma de bordillos y mezcla bituminosa, en vez de una plataforma continua.<\/p>\n\n\n\n<p>En este sentido, el departamento prev\u00e9, si todo el tr\u00e1mite administrativo va en orden, que las obras comiencen a principios del 2022, coincidiendo con la finalizaci\u00f3n de calle Marbella, que se encuentra actualmente en actuaci\u00f3n. Adem\u00e1s, tambi\u00e9n se encuentra pendiente la ejecuci\u00f3n de calle Estepona, que ir\u00e1 en funci\u00f3n de temporalidad, para que no coincida con las temporadas de Semana Santa y verano, pues el n\u00facleo cale\u00f1o acoge muchos turistas durante ese tiempo, y el principal objetivo es evitar, en la medida de lo posible, el mayor n\u00famero de problemas.<\/p>\n\n\n\n<p>En definitiva, La Cala de Mijas ha contado con remodelaciones integrales pr\u00e1cticamente en todo el n\u00facleo, enfocadas siempre a evitar los problemas de inundaciones. \u00abLas remodelaciones que hemos llevado a cabo, desde el punto de vista de las infraestructuras, han sido muy importantes y a esto le sumamos adem\u00e1s, otras actuaciones de renovaci\u00f3n de pavimentos, por lo que cumplimos con nuestro objetivo de mejorar la calidad de vida de nuestros ciudadanos\u00bb, concluye Mart\u00edn.<\/p>\n","protected":false},"excerpt":{"rendered":"<p>El edil de Obras e Infraestructuras, Jos\u00e9 Carlos Mart\u00edn, y el concejal de&nbsp; Contrataci\u00f3n, Roy P\u00e9rez, han anunciado que este proceso de licitaci\u00f3n estar\u00e1 abierto hasta el 23 de noviembre, con un importe de 347.000 euros y un plazo de ejecuci\u00f3n de 4 meses Mijas, 09 de noviembre de 2021.- El edil de Obras e [&hellip;]<\/p>\n","protected":false},"author":9,"featured_media":44331,"comment_status":"closed","ping_status":"open","sticky":false,"template":"","format":"standard","meta":[],"categories":[1,19],"tags":[],"jetpack_featured_media_url":"https:\/\/www.mijas.es\/wp-content\/uploads\/2021\/11\/20211109-LICITACION-OBRAS-CALLES-NERJA-Y-CASARABONELA.-ROY-PEREZ-Y-JOSE-CARLOS-MARTIN.jpeg","_links":{"self":[{"href":"https:\/\/www.mijas.es\/portal\/wp-json\/wp\/v2\/posts\/44335"}],"collection":[{"href":"https:\/\/www.mijas.es\/portal\/wp-json\/wp\/v2\/posts"}],"about":[{"href":"https:\/\/www.mijas.es\/portal\/wp-json\/wp\/v2\/types\/post"}],"author":[{"embeddable":true,"href":"https:\/\/www.mijas.es\/portal\/wp-json\/wp\/v2\/users\/9"}],"replies":[{"embeddable":true,"href":"https:\/\/www.mijas.es\/portal\/wp-json\/wp\/v2\/comments?post=44335"}],"version-history":[{"count":1,"href":"https:\/\/www.mijas.es\/portal\/wp-json\/wp\/v2\/posts\/44335\/revisions"}],"predecessor-version":[{"id":44336,"href":"https:\/\/www.mijas.es\/portal\/wp-json\/wp\/v2\/posts\/44335\/revisions\/44336"}],"wp:featuredmedia":[{"embeddable":true,"href":"https:\/\/www.mijas.es\/portal\/wp-json\/wp\/v2\/media\/44331"}],"wp:attachment":[{"href":"https:\/\/www.mijas.es\/portal\/wp-json\/wp\/v2\/media?parent=44335"}],"wp:term":[{"taxonomy":"category","embeddable":true,"href":"https:\/\/www.mijas.es\/portal\/wp-json\/wp\/v2\/categories?post=44335"},{"taxonomy":"post_tag","embeddable":true,"href":"https:\/\/www.mijas.es\/portal\/wp-json\/wp\/v2\/tags?post=44335"}],"curies":[{"name":"wp","href":"https:\/\/api.w.org\/{rel}","templated":true}]}}