{"id":44325,"date":"2021-11-09T11:20:07","date_gmt":"2021-11-09T10:20:07","guid":{"rendered":"https:\/\/www.mijas.es\/portal\/?p=44325"},"modified":"2021-11-09T11:20:10","modified_gmt":"2021-11-09T10:20:10","slug":"educacion-imparte-un-taller-teorico-practico-de-rcp-basica-y-primeros-auxilios-destinados-a-las-ampas-de-mijas","status":"publish","type":"post","link":"https:\/\/www.mijas.es\/portal\/educacion-imparte-un-taller-teorico-practico-de-rcp-basica-y-primeros-auxilios-destinados-a-las-ampas-de-mijas\/","title":{"rendered":"Educaci\u00f3n imparte un taller te\u00f3rico-pr\u00e1ctico de RCP B\u00e1sica y Primeros Auxilios destinados a las AMPAS de Mijas"},"content":{"rendered":"\n<ul><li>La edil responsable del \u00e1rea, Maril\u00f3 Olmedo, ha visitado esta ma\u00f1ana el CEIP Indira Ghandi, donde ha comenzado el primer taller y que se repetir\u00e1n tanto el mi\u00e9rcoles en el CEIP Tamixa, como el jueves en el CEIP El Olmo y uno en jornada de tarde el pr\u00f3ximo 15 de noviembre<\/li><\/ul>\n\n\n\n<p><strong>Mijas, 08 de noviembre de 2021-<\/strong> La edil de Educaci\u00f3n, Maril\u00f3 Olmedo, ha asistido al CEIP Indira Ghandi donde ha comenzado un taller te\u00f3rico-pr\u00e1ctico de Reanimaci\u00f3n Cardiopulmonar (RCP) B\u00e1sica y Primeros Auxilios destinado a las AMPAS de los centros educativos del municipio. \u00abDesde la concejal\u00eda damos mucha importancia a la primera actuaci\u00f3n en caso de incidentes porque las primeras actuaciones son las m\u00e1s importantes para que todo vaya bien hasta la llegada de los servicios de emergencias. Las AMPAS est\u00e1n mucho tiempo en los colegios, cerca de los alumnos y hacen muchas actividades de todo tipo, por lo que vimos la necesidad de que ellos tuviesen nociones de qu\u00e9 hacer cuando se presentara cualquier caso de emergencia.\u00bb, apunta la concejala.<\/p>\n\n\n\n<p>As\u00ed pues, este tipo de maniobra es una t\u00e9cnica para salvar vidas, \u00fatil para cualquier emergencia que pueda suceder en el d\u00eda a d\u00eda. Por tanto, la necesidad de tener conocimientos en este tipo de primero auxilios es importante tanto en los padres y madres como para toda la ciudadan\u00eda. \u00abLamentablemente existe mucho desconocimiento de estas t\u00e9cnicas, pero es verdad que existen muchos talleres como este, por lo que se est\u00e1 implementando para que la poblaci\u00f3n en general&nbsp; y los ni\u00f1os incluso, sepan hacer una reanimaci\u00f3n adaptada que creemos que es lo m\u00e1s importante desde peque\u00f1os. Es que es una maniobra muy sencilla y es la diferencia entre salvar una vida y dejarla morir, en nuestras manos est\u00e1 esa diferencia\u00bb, explica el presidente de Club Deportivo SOS CardioSport, Carlos Heredia, que ha sido el encargado de impartir las pr\u00e1cticas.<\/p>\n\n\n\n<p>En este sentido, durante la jornada han aprendido t\u00e9cnicas de primeros auxilios, la maniobra de desobstrucci\u00f3n de las v\u00edas respiratorias por cualquier cuerpo extra\u00f1o y la reanimaci\u00f3n cardiopulmonar tanto en ni\u00f1os como en adultos. \u00abHa sido mucha informaci\u00f3n pero muy necesaria y vital, pues no s\u00f3lo ha sido te\u00f3rico sino tambi\u00e9n pr\u00e1ctico y en mi caso ha sido un logro por el trabajo al que pertenezco ya que soy celadora\u00bb, a\u00f1ade Marina Molinillo, participante del curso y tesorera del AMPA Las Caracolas.<\/p>\n\n\n\n<p>En definitiva, estas jornadas se repetir\u00e1n el mi\u00e9rcoles en el CEIP Tamixa, y el jueves en el CEIP El Olmo, adem\u00e1s de otra el 15 de noviembre en horario de tarde para los padres que trabajen por las ma\u00f1anas. \u00abHemos tenido muy buena acogida con un total de 60 padres, por lo que tambi\u00e9n queremos realizar este mismo taller todos los inicios de curso, bien en modo recordatorio como para aquellos padres que no hayan podido venir ahora y quieran asistir en otros futuros talleres\u00bb, concluye la concejala.<\/p>\n","protected":false},"excerpt":{"rendered":"<p>La edil responsable del \u00e1rea, Maril\u00f3 Olmedo, ha visitado esta ma\u00f1ana el CEIP Indira Ghandi, donde ha comenzado el primer taller y que se repetir\u00e1n tanto el mi\u00e9rcoles en el CEIP Tamixa, como el jueves en el CEIP El Olmo y uno en jornada de tarde el pr\u00f3ximo 15 de noviembre Mijas, 08 de noviembre [&hellip;]<\/p>\n","protected":false},"author":9,"featured_media":44318,"comment_status":"closed","ping_status":"open","sticky":false,"template":"","format":"standard","meta":[],"categories":[1,19],"tags":[],"jetpack_featured_media_url":"https:\/\/www.mijas.es\/wp-content\/uploads\/2021\/11\/20211108-TALLER-RCP-AMPAS.-MARILO-OLMEDO.jpeg","_links":{"self":[{"href":"https:\/\/www.mijas.es\/portal\/wp-json\/wp\/v2\/posts\/44325"}],"collection":[{"href":"https:\/\/www.mijas.es\/portal\/wp-json\/wp\/v2\/posts"}],"about":[{"href":"https:\/\/www.mijas.es\/portal\/wp-json\/wp\/v2\/types\/post"}],"author":[{"embeddable":true,"href":"https:\/\/www.mijas.es\/portal\/wp-json\/wp\/v2\/users\/9"}],"replies":[{"embeddable":true,"href":"https:\/\/www.mijas.es\/portal\/wp-json\/wp\/v2\/comments?post=44325"}],"version-history":[{"count":1,"href":"https:\/\/www.mijas.es\/portal\/wp-json\/wp\/v2\/posts\/44325\/revisions"}],"predecessor-version":[{"id":44326,"href":"https:\/\/www.mijas.es\/portal\/wp-json\/wp\/v2\/posts\/44325\/revisions\/44326"}],"wp:featuredmedia":[{"embeddable":true,"href":"https:\/\/www.mijas.es\/portal\/wp-json\/wp\/v2\/media\/44318"}],"wp:attachment":[{"href":"https:\/\/www.mijas.es\/portal\/wp-json\/wp\/v2\/media?parent=44325"}],"wp:term":[{"taxonomy":"category","embeddable":true,"href":"https:\/\/www.mijas.es\/portal\/wp-json\/wp\/v2\/categories?post=44325"},{"taxonomy":"post_tag","embeddable":true,"href":"https:\/\/www.mijas.es\/portal\/wp-json\/wp\/v2\/tags?post=44325"}],"curies":[{"name":"wp","href":"https:\/\/api.w.org\/{rel}","templated":true}]}}