{"id":44323,"date":"2021-11-09T11:19:30","date_gmt":"2021-11-09T10:19:30","guid":{"rendered":"https:\/\/www.mijas.es\/portal\/?p=44323"},"modified":"2021-11-09T11:19:33","modified_gmt":"2021-11-09T10:19:33","slug":"salen-a-licitacion-las-obras-de-las-calles-madreselva-buganvilla-y-guadalete-por-casi-un-millon-de-euros","status":"publish","type":"post","link":"https:\/\/www.mijas.es\/portal\/salen-a-licitacion-las-obras-de-las-calles-madreselva-buganvilla-y-guadalete-por-casi-un-millon-de-euros\/","title":{"rendered":"Salen a licitaci\u00f3n las obras de las calles Madreselva, Buganvilla y Guadalete por casi un mill\u00f3n de euros"},"content":{"rendered":"\n<ul><li>El edil de Contrataci\u00f3n, Roy P\u00e9rez y el concejal de Obras e Infraestructuras, Jos\u00e9 Carlos Mart\u00edn, han anunciado esta ma\u00f1ana que las empresas interesadas pueden presentar sus ofertas hasta el pr\u00f3ximo 23 de noviembre<\/li><\/ul>\n\n\n\n<p><strong>Mijas, 08 de noviembre de 2021.-<\/strong> El edil de Contrataci\u00f3n, Roy P\u00e9rez y el concejal de Obras e Infraestructuras, Jos\u00e9 Carlos Mart\u00edn, han anunciado esta ma\u00f1ana la salida a licitaci\u00f3n de las obras de las calles Madreselva, Buganvilla y R\u00edo Guadalete en Las Lagunas por un montante de casi un mill\u00f3n euros. \u201cLas tres v\u00edas se recogen en un mismo pliego que los interesados podr\u00e1n consultar en la \u2018Plataforma de Contrataci\u00f3n del Estado\u2019 donde podr\u00e1n presentar sus ofertas hasta el pr\u00f3ximo 23 de noviembre\u201d, apunta P\u00e9rez quien \u201cha animado a las empresas a que participen en este concurso p\u00fablico.<\/p>\n\n\n\n<p>La ejecuci\u00f3n de los trabajos se estima en 8 meses de los cuales la mitad ser\u00edan para calle Madreselva y Buganvilla y los restantes para R\u00edo Guadalete (a la espera de la adjudicaci\u00f3n de los mismos y el \u2018planing\u2019 que pudiera presentar la futura adjudicataria). \u201cEstas obras son importantes porque eliminamos otro punto de inundabilidad de Las Lagunas ya que al tratarse de una remodelaci\u00f3n integral las tuber\u00edas nuevas van a contar con mayor capacidad por lo que van a poder afrontar con m\u00e1s eficacia las avenidas de agua que provoquen las fuertes lluvias\u201d, se\u00f1ala Mart\u00edn quien a\u00f1ade que \u201cadem\u00e1s, se instala en estos puntos la red separativa de pluviales y fecales con la ventaja que eso conlleva, precisamente, para evitar las inundaciones\u201d.<\/p>\n\n\n\n<p>A esta actuaci\u00f3n se suma el resto de la renovaci\u00f3n de las canalizaciones tales como el alumbrado p\u00fablico, la red de abastecimiento, la electricidad o las telecomunicaciones en las tres calles. Asimismo, siguiendo la l\u00ednea de trabajo del \u00e1rea de Infraestructuras y Obras, los proyectos que se plantean ya contemplan la erradicaci\u00f3n de las barreras arquitect\u00f3nicas.<\/p>\n\n\n\n<p>Finalmente cabe destacar que se van a crear acerados con soler\u00eda de pergamino y bordillo de hormig\u00f3n que seguir\u00e1n la est\u00e9tica del resto de calles del t\u00e9rmino municipal.<\/p>\n","protected":false},"excerpt":{"rendered":"<p>El edil de Contrataci\u00f3n, Roy P\u00e9rez y el concejal de Obras e Infraestructuras, Jos\u00e9 Carlos Mart\u00edn, han anunciado esta ma\u00f1ana que las empresas interesadas pueden presentar sus ofertas hasta el pr\u00f3ximo 23 de noviembre Mijas, 08 de noviembre de 2021.- El edil de Contrataci\u00f3n, Roy P\u00e9rez y el concejal de Obras e Infraestructuras, Jos\u00e9 Carlos [&hellip;]<\/p>\n","protected":false},"author":9,"featured_media":44316,"comment_status":"closed","ping_status":"open","sticky":false,"template":"","format":"standard","meta":[],"categories":[1,19],"tags":[],"jetpack_featured_media_url":"https:\/\/www.mijas.es\/wp-content\/uploads\/2021\/11\/20211108-LICITACION-CALLES.-ROY-PEREZ-Y-JOSE-CARLOS-MARTIN.jpeg","_links":{"self":[{"href":"https:\/\/www.mijas.es\/portal\/wp-json\/wp\/v2\/posts\/44323"}],"collection":[{"href":"https:\/\/www.mijas.es\/portal\/wp-json\/wp\/v2\/posts"}],"about":[{"href":"https:\/\/www.mijas.es\/portal\/wp-json\/wp\/v2\/types\/post"}],"author":[{"embeddable":true,"href":"https:\/\/www.mijas.es\/portal\/wp-json\/wp\/v2\/users\/9"}],"replies":[{"embeddable":true,"href":"https:\/\/www.mijas.es\/portal\/wp-json\/wp\/v2\/comments?post=44323"}],"version-history":[{"count":1,"href":"https:\/\/www.mijas.es\/portal\/wp-json\/wp\/v2\/posts\/44323\/revisions"}],"predecessor-version":[{"id":44324,"href":"https:\/\/www.mijas.es\/portal\/wp-json\/wp\/v2\/posts\/44323\/revisions\/44324"}],"wp:featuredmedia":[{"embeddable":true,"href":"https:\/\/www.mijas.es\/portal\/wp-json\/wp\/v2\/media\/44316"}],"wp:attachment":[{"href":"https:\/\/www.mijas.es\/portal\/wp-json\/wp\/v2\/media?parent=44323"}],"wp:term":[{"taxonomy":"category","embeddable":true,"href":"https:\/\/www.mijas.es\/portal\/wp-json\/wp\/v2\/categories?post=44323"},{"taxonomy":"post_tag","embeddable":true,"href":"https:\/\/www.mijas.es\/portal\/wp-json\/wp\/v2\/tags?post=44323"}],"curies":[{"name":"wp","href":"https:\/\/api.w.org\/{rel}","templated":true}]}}