{"id":44321,"date":"2021-11-09T11:18:51","date_gmt":"2021-11-09T10:18:51","guid":{"rendered":"https:\/\/www.mijas.es\/portal\/?p=44321"},"modified":"2021-11-09T11:18:53","modified_gmt":"2021-11-09T10:18:53","slug":"mijas-pionera-en-poner-en-marcha-el-reglamento-para-la-declaracion-de-riesgo-de-menores","status":"publish","type":"post","link":"https:\/\/www.mijas.es\/portal\/mijas-pionera-en-poner-en-marcha-el-reglamento-para-la-declaracion-de-riesgo-de-menores\/","title":{"rendered":"Mijas, pionera en poner en marcha el Reglamento para la Declaraci\u00f3n de Riesgo de Menores"},"content":{"rendered":"\n<ul><li>El municipio ya tiene el borrador de este texto que emana de la Ley andaluza de Infancia y Adolescencia y que permitir\u00e1 la creaci\u00f3n de una comisi\u00f3n local que vele por la protecci\u00f3n de los j\u00f3venes y ni\u00f1os mije\u00f1os<\/li><\/ul>\n\n\n\n<p><strong>Mijas, 08 de noviembre de 2021.-<\/strong> Mijas es ya un referente en el absentismo escolar y lo pretende ser tambi\u00e9n en la protecci\u00f3n de los menores en situaci\u00f3n de riesgo. Seg\u00fan ha anunciado esta ma\u00f1ana el concejal de Servicios Sociales, Hip\u00f3lito Zapico, el Consistorio ya tiene el borrador del Reglamento para la Declaraci\u00f3n de Riesgo de Menores, un texto que permitir\u00e1 crear una comisi\u00f3n local que vele por la protecci\u00f3n de los ni\u00f1os y j\u00f3venes del municipio.<\/p>\n\n\n\n<p>\u00abEste reglamento es muy importante porque aumenta la protecci\u00f3n de los menores y establece una serie de criterios y procedimientos en los que todos los mecanismos con los que cuenta el Ayuntamiento, la delegaci\u00f3n de Sanidad, Educaci\u00f3n, y Servicios Sociales, se pondr\u00e1n en marcha para proteger a los menores en el caso de que existiese una situaci\u00f3n de riesgo\u00bb, afirma Zapico, quien ha detallado que este reglamento \u00abemana de la Ley de Infancia y Adolescencia de Andaluc\u00eda que se aprob\u00f3 en julio de este a\u00f1o, siendo&nbsp; Mijas de los ayuntamientos pioneros en poner en marcha este tipo de reglamento\u00bb.<\/p>\n\n\n\n<p>Actualmente, este reglamento se encuentra en fase de exposici\u00f3n y en \u00e9l se recoge la creaci\u00f3n de una comisi\u00f3n local compuesta por la jefa del \u00e1rea de Servicios Sociales de Mijas, el director de Servicios Sociales, un representante del Distrito Sanitario, y un representante de la delegaci\u00f3n de Educaci\u00f3n; los procedimientos y sus plazos de resoluci\u00f3n, e incluso cu\u00e1ndo se producir\u00eda el cede de la declaraci\u00f3n de la situaci\u00f3n de riesgo.<\/p>\n\n\n\n<p>\u00abEsta comisi\u00f3n determinar\u00e1 que circunstancias son las que concurren en ese menor en el que se ha detectado una situaci\u00f3n de posible riesgo y se establecer\u00e1 una declaraci\u00f3n formal de riesgo si existiese, para iniciar as\u00ed los procedimientos necesarios para salvaguardar al menor de las circunstancias que le han llevado a esa situaci\u00f3n\u00bb, a\u00f1ade Zapico, quien ha querido puntualizar que ahora mismo el borrador se encuentra \u00aben fase de exposici\u00f3n por si alg\u00fan vecino quiere hacer alguna alegaci\u00f3n o aportaci\u00f3n\u00bb.<\/p>\n","protected":false},"excerpt":{"rendered":"<p>El municipio ya tiene el borrador de este texto que emana de la Ley andaluza de Infancia y Adolescencia y que permitir\u00e1 la creaci\u00f3n de una comisi\u00f3n local que vele por la protecci\u00f3n de los j\u00f3venes y ni\u00f1os mije\u00f1os Mijas, 08 de noviembre de 2021.- Mijas es ya un referente en el absentismo escolar y [&hellip;]<\/p>\n","protected":false},"author":9,"featured_media":44317,"comment_status":"closed","ping_status":"open","sticky":false,"template":"","format":"standard","meta":[],"categories":[1,19],"tags":[],"jetpack_featured_media_url":"https:\/\/www.mijas.es\/wp-content\/uploads\/2021\/11\/20211108-REGLAMENTO-RIESGO-DE-MENORES.-HIPOLITO-ZAPICO.jpeg","_links":{"self":[{"href":"https:\/\/www.mijas.es\/portal\/wp-json\/wp\/v2\/posts\/44321"}],"collection":[{"href":"https:\/\/www.mijas.es\/portal\/wp-json\/wp\/v2\/posts"}],"about":[{"href":"https:\/\/www.mijas.es\/portal\/wp-json\/wp\/v2\/types\/post"}],"author":[{"embeddable":true,"href":"https:\/\/www.mijas.es\/portal\/wp-json\/wp\/v2\/users\/9"}],"replies":[{"embeddable":true,"href":"https:\/\/www.mijas.es\/portal\/wp-json\/wp\/v2\/comments?post=44321"}],"version-history":[{"count":1,"href":"https:\/\/www.mijas.es\/portal\/wp-json\/wp\/v2\/posts\/44321\/revisions"}],"predecessor-version":[{"id":44322,"href":"https:\/\/www.mijas.es\/portal\/wp-json\/wp\/v2\/posts\/44321\/revisions\/44322"}],"wp:featuredmedia":[{"embeddable":true,"href":"https:\/\/www.mijas.es\/portal\/wp-json\/wp\/v2\/media\/44317"}],"wp:attachment":[{"href":"https:\/\/www.mijas.es\/portal\/wp-json\/wp\/v2\/media?parent=44321"}],"wp:term":[{"taxonomy":"category","embeddable":true,"href":"https:\/\/www.mijas.es\/portal\/wp-json\/wp\/v2\/categories?post=44321"},{"taxonomy":"post_tag","embeddable":true,"href":"https:\/\/www.mijas.es\/portal\/wp-json\/wp\/v2\/tags?post=44321"}],"curies":[{"name":"wp","href":"https:\/\/api.w.org\/{rel}","templated":true}]}}