{"id":44319,"date":"2021-11-09T11:18:11","date_gmt":"2021-11-09T10:18:11","guid":{"rendered":"https:\/\/www.mijas.es\/portal\/?p=44319"},"modified":"2021-11-09T11:18:14","modified_gmt":"2021-11-09T10:18:14","slug":"arranca-el-curso-de-dinamizadora-comunitaria-para-la-prevencion-de-la-violencia-machista-en-mijas","status":"publish","type":"post","link":"https:\/\/www.mijas.es\/portal\/arranca-el-curso-de-dinamizadora-comunitaria-para-la-prevencion-de-la-violencia-machista-en-mijas\/","title":{"rendered":"Arranca el curso de dinamizadora comunitaria para la prevenci\u00f3n de la violencia machista en Mijas"},"content":{"rendered":"\n<ul><li>Un total de 18 mujeres entre usuarias del \u00e1rea de Igualdad y Diversidad, voluntarias de asociaciones mije\u00f1as y de M\u00e1laga Acoge participan en esta formaci\u00f3n de 40 horas\u00a0<\/li><\/ul>\n\n\n\n<p><strong>Mijas, 08 de noviembre de 2021.-<\/strong> Un total de 18 mujeres usuarias del \u00e1rea de Igualdad y Diversidad del Ayuntamiento de Mijas, voluntarias de asociaciones de mujeres de la localidad y usuarias de M\u00e1laga Acoge han iniciado este lunes el curso de dinamizadora comunitaria para la prevenci\u00f3n de la violencia machista que M\u00e1laga Acoge imparte en el municipio mije\u00f1o.&nbsp;<\/p>\n\n\n\n<p>Este taller tiene como objetivo capacitar profesionalmente a las mujeres para la prevenci\u00f3n de la violencia de g\u00e9nero a nivel comunitario, dotar a las asistentes de la metodolog\u00eda necesaria para la dinamizaci\u00f3n de grupos, fortalecer las redes de apoyo mutuo entre mujeres y empoderarlas.<\/p>\n\n\n\n<p>El curso tiene una duraci\u00f3n de 40 horas y se desarrollar\u00e1 del 8 al 19 de noviembre, en horario de lunes a viernes de 9.30 a 13.30 horas. Entre los contenidos de esta formaci\u00f3n se encuentran la violencia de g\u00e9nero, atenci\u00f3n integral de la violencia de g\u00e9nero, dinamizaci\u00f3n de la prevenci\u00f3n de violencia, el sexismo o los mitos y estereotipos en torno a la perspectiva de g\u00e9nero. Al finalizar, las participantes recibir\u00e1n un certificado de aprovechamiento del mismo.<\/p>\n","protected":false},"excerpt":{"rendered":"<p>Un total de 18 mujeres entre usuarias del \u00e1rea de Igualdad y Diversidad, voluntarias de asociaciones mije\u00f1as y de M\u00e1laga Acoge participan en esta formaci\u00f3n de 40 horas\u00a0 Mijas, 08 de noviembre de 2021.- Un total de 18 mujeres usuarias del \u00e1rea de Igualdad y Diversidad del Ayuntamiento de Mijas, voluntarias de asociaciones de mujeres [&hellip;]<\/p>\n","protected":false},"author":9,"featured_media":0,"comment_status":"closed","ping_status":"open","sticky":false,"template":"","format":"standard","meta":[],"categories":[1,19],"tags":[],"jetpack_featured_media_url":"","_links":{"self":[{"href":"https:\/\/www.mijas.es\/portal\/wp-json\/wp\/v2\/posts\/44319"}],"collection":[{"href":"https:\/\/www.mijas.es\/portal\/wp-json\/wp\/v2\/posts"}],"about":[{"href":"https:\/\/www.mijas.es\/portal\/wp-json\/wp\/v2\/types\/post"}],"author":[{"embeddable":true,"href":"https:\/\/www.mijas.es\/portal\/wp-json\/wp\/v2\/users\/9"}],"replies":[{"embeddable":true,"href":"https:\/\/www.mijas.es\/portal\/wp-json\/wp\/v2\/comments?post=44319"}],"version-history":[{"count":1,"href":"https:\/\/www.mijas.es\/portal\/wp-json\/wp\/v2\/posts\/44319\/revisions"}],"predecessor-version":[{"id":44320,"href":"https:\/\/www.mijas.es\/portal\/wp-json\/wp\/v2\/posts\/44319\/revisions\/44320"}],"wp:attachment":[{"href":"https:\/\/www.mijas.es\/portal\/wp-json\/wp\/v2\/media?parent=44319"}],"wp:term":[{"taxonomy":"category","embeddable":true,"href":"https:\/\/www.mijas.es\/portal\/wp-json\/wp\/v2\/categories?post=44319"},{"taxonomy":"post_tag","embeddable":true,"href":"https:\/\/www.mijas.es\/portal\/wp-json\/wp\/v2\/tags?post=44319"}],"curies":[{"name":"wp","href":"https:\/\/api.w.org\/{rel}","templated":true}]}}