{"id":44306,"date":"2021-11-08T11:29:28","date_gmt":"2021-11-08T10:29:28","guid":{"rendered":"https:\/\/www.mijas.es\/portal\/?p=44306"},"modified":"2021-11-08T11:29:30","modified_gmt":"2021-11-08T10:29:30","slug":"mijas-educa-en-igualdad-al-alumnado-de-quinto-de-primaria","status":"publish","type":"post","link":"https:\/\/www.mijas.es\/portal\/mijas-educa-en-igualdad-al-alumnado-de-quinto-de-primaria\/","title":{"rendered":"Mijas educa en igualdad al alumnado de quinto de primaria"},"content":{"rendered":"\n<ul><li>Este taller de buenos tratos se desarrolla en todos los colegios del municipio<\/li><\/ul>\n\n\n\n<p><strong>Mijas, 05 de noviembre de 2021.-<\/strong> Coeducar en igualdad. Este es el objetivo del taller de buenos tratos que el \u00e1rea de Igualdad y Diversidad ha puesto en marcha en todos los centros escolares del municipio para el alumnado de quinto de Primaria.<\/p>\n\n\n\n<p>\u00abEste a\u00f1o retomamos en los colegios los talleres de coeducaci\u00f3n en igualdad. Este taller se realiza en los quintos de primaria de todos los centros educativos del municipio. Recordemos que tenemos 12 colegios, en los que se realizar\u00e1n un total de 36 talleres, as\u00ed que vamos a llegar a un gran n\u00famero de ni\u00f1os y ni\u00f1as para que sigamos formando en igualdad\u00bb, explica la concejala del \u00e1rea, Natalia Mart\u00ednez, quien ha recalcado que \u00abes muy importante que trabajemos este tema desde las edades tempranas. De una manera l\u00fadica y divertida captamos su atenci\u00f3n para que de aqu\u00ed salgan ellas empoderadas y ellos m\u00e1s conscientes de la realidad en la que vivimos\u00bb.<\/p>\n\n\n\n<p>En total, dos sesiones de buenos tratos que tienen como objetivo favorecer un desarrollo emocional y personal adecuado en los alumnos y alumnas de este ciclo de Primaria. Roles y estereotipos de g\u00e9nero, sexismo y discriminaci\u00f3n de g\u00e9nero, identificaci\u00f3n de desigualdades de g\u00e9nero, ruptura de moldes o la educaci\u00f3n emocional sin sesgos sexistas son algunos de los contenidos de esta formaci\u00f3n que imparte Mariv\u00ed Fern\u00e1ndez, profesional de la educaci\u00f3n y promotora en igualdad.<\/p>\n\n\n\n<p>\u00abEstos talleres est\u00e1n dispuestos para que aprendan por descubrimiento, a trav\u00e9s de din\u00e1micas y actividades l\u00fadicas, el origen de las desigualdades de g\u00e9nero. Ahora mismo estos ni\u00f1os y ni\u00f1as son esponjas y lo que pretendemos es sensibilizar, sobre todo a ellos, para que en un futuro existan relaciones igualitarias entre hombres y mujeres\u00bb, a\u00f1ade Fern\u00e1ndez.<\/p>\n","protected":false},"excerpt":{"rendered":"<p>Este taller de buenos tratos se desarrolla en todos los colegios del municipio Mijas, 05 de noviembre de 2021.- Coeducar en igualdad. Este es el objetivo del taller de buenos tratos que el \u00e1rea de Igualdad y Diversidad ha puesto en marcha en todos los centros escolares del municipio para el alumnado de quinto de [&hellip;]<\/p>\n","protected":false},"author":9,"featured_media":44303,"comment_status":"closed","ping_status":"open","sticky":false,"template":"","format":"standard","meta":[],"categories":[1,19],"tags":[],"jetpack_featured_media_url":"https:\/\/www.mijas.es\/wp-content\/uploads\/2021\/11\/20211105-TALLER-IGUALDAD.-NATALIA-MARTINEZ.jpeg","_links":{"self":[{"href":"https:\/\/www.mijas.es\/portal\/wp-json\/wp\/v2\/posts\/44306"}],"collection":[{"href":"https:\/\/www.mijas.es\/portal\/wp-json\/wp\/v2\/posts"}],"about":[{"href":"https:\/\/www.mijas.es\/portal\/wp-json\/wp\/v2\/types\/post"}],"author":[{"embeddable":true,"href":"https:\/\/www.mijas.es\/portal\/wp-json\/wp\/v2\/users\/9"}],"replies":[{"embeddable":true,"href":"https:\/\/www.mijas.es\/portal\/wp-json\/wp\/v2\/comments?post=44306"}],"version-history":[{"count":1,"href":"https:\/\/www.mijas.es\/portal\/wp-json\/wp\/v2\/posts\/44306\/revisions"}],"predecessor-version":[{"id":44307,"href":"https:\/\/www.mijas.es\/portal\/wp-json\/wp\/v2\/posts\/44306\/revisions\/44307"}],"wp:featuredmedia":[{"embeddable":true,"href":"https:\/\/www.mijas.es\/portal\/wp-json\/wp\/v2\/media\/44303"}],"wp:attachment":[{"href":"https:\/\/www.mijas.es\/portal\/wp-json\/wp\/v2\/media?parent=44306"}],"wp:term":[{"taxonomy":"category","embeddable":true,"href":"https:\/\/www.mijas.es\/portal\/wp-json\/wp\/v2\/categories?post=44306"},{"taxonomy":"post_tag","embeddable":true,"href":"https:\/\/www.mijas.es\/portal\/wp-json\/wp\/v2\/tags?post=44306"}],"curies":[{"name":"wp","href":"https:\/\/api.w.org\/{rel}","templated":true}]}}