{"id":44304,"date":"2021-11-08T11:28:27","date_gmt":"2021-11-08T10:28:27","guid":{"rendered":"https:\/\/www.mijas.es\/portal\/?p=44304"},"modified":"2021-11-08T11:28:29","modified_gmt":"2021-11-08T10:28:29","slug":"el-absentismo-escolar-en-mijas-no-alcanza-ni-el-uno-por-ciento-entre-estudiantes-de-primaria-y-secundaria","status":"publish","type":"post","link":"https:\/\/www.mijas.es\/portal\/el-absentismo-escolar-en-mijas-no-alcanza-ni-el-uno-por-ciento-entre-estudiantes-de-primaria-y-secundaria\/","title":{"rendered":"El absentismo escolar en Mijas no alcanza ni el uno por ciento entre estudiantes de primaria y secundaria"},"content":{"rendered":"\n<ul><li>La Comisi\u00f3n de Absentismo Escolar, que se re\u00fane cada tres meses, desvela que en el curso anterior se detectaron 122 casos de absentismo escolar, de los cuales 44 se han resuelto satisfactoriamente y 75 siguen en fase de resoluci\u00f3n<\/li><li>El Consistorio ya trabaja en un Plan Local de la Infancia y la Adolescencia con el que quiere dar voz a los estudiantes del municipio y tambi\u00e9n ha puesto en com\u00fan con agentes educativos la campa\u00f1a de absentismo escolar que han desarrollado en prensa y televisi\u00f3n<\/li><\/ul>\n\n\n\n<p><strong>Mijas, 05 de noviembre de 2021.-<\/strong> En Mijas, el absentismo escolar no alcanza ni el uno por ciento de la poblaci\u00f3n de estudiantes de primera y secundaria. Este es el dato que ha presentado la Comisi\u00f3n de Absentismo Escolar en su primera toma de contacto del curso escolar 2021\/2022 y en la que han participado el concejal de Servicios Sociales, Hip\u00f3lito Zapico, la concejala de Educaci\u00f3n, Maril\u00f3 Olmedo, as\u00ed como el profesorado, directores y jefes de estudios de todos los centros educativos del municipio, y Polic\u00eda Local, a trav\u00e9s de la figura de su agente tutor \u00c1ngel Blanc, recientemente premiado por la Federaci\u00f3n Espa\u00f1ola de Municipios y Provincias.<\/p>\n\n\n\n<p>\u00abSe han detectado unos 122 casos de absentismo escolar, de los cuales 44 se han resuelto satisfactoriamente y 75 siguen en fase de resoluci\u00f3n. Estos datos, viendo la poblaci\u00f3n total de Mijas, alcanzan a menos del 1% de los alumnos y alumnas de primaria y secundaria, unos datos bastante buenos para un municipio como el nuestro\u00bb, concreta Zapico, quien ha aprovechado la ocasi\u00f3n para explicar a los representantes de los centros educativos \u00abel plan de prevenci\u00f3n de absentismo, una campa\u00f1a que estamos realizando con anuncios en prensa y televisi\u00f3n\u00bb.<\/p>\n\n\n\n<p>Durante la comisi\u00f3n tambi\u00e9n se ha presentado el reglamento de declaraci\u00f3n de riesgo del menor, \u00abque en estos momentos se encuentra en fase de exposici\u00f3n y que esperamos aprobar en breve, no en vano, como dec\u00eda el Fiscal del Menor, somos el municipio que m\u00e1s avanzado tiene este reglamento. Tambi\u00e9n estamos desarrollando el Plan Local de la Infancia y de la Adolescencia, con el que queremos dar voz a los estudiantes de Mijas para que aporten al Consistorio propuestas, ideas, necesidades que tengan y que desde esa perspectiva el equipo de gobierno pueda ejecutarlas\u00bb, a\u00f1ade Zapico.<\/p>\n\n\n\n<p>El curso escolar 2021\/2022 dio comienzo en septiembre y en este tiempo transcurrido no se han producido nuevos casos de absentismo en la localidad, seg\u00fan ha subrayado por su parte Olmedo. \u00abTodos los casos que tenemos son aquellos que se hab\u00edan dado anteriormente. En Mijas se trabaja muy duro contra el absentismo escolar. La implicaci\u00f3n de los centros educativos es bastante buena. Es cierto que desde el Ayuntamiento tenemos la competencia de velar por la asistencia de los ni\u00f1os a las aulas, pero contamos con el apoyo incondicional de los centros educativos, que son los primeros en actuar ante un caso de absentismo\u00bb, recalca Olmedo, quien especifica que \u00abuna vez que se ha intentado contactar con las familias y no quedan m\u00e1s v\u00edas, se abre un protocolo con Servicios Sociales y Polic\u00eda Local con el objetivo de localizar al menor o realizar cualquier otra actuaci\u00f3n que se requiera\u00bb.<\/p>\n","protected":false},"excerpt":{"rendered":"<p>La Comisi\u00f3n de Absentismo Escolar, que se re\u00fane cada tres meses, desvela que en el curso anterior se detectaron 122 casos de absentismo escolar, de los cuales 44 se han resuelto satisfactoriamente y 75 siguen en fase de resoluci\u00f3n El Consistorio ya trabaja en un Plan Local de la Infancia y la Adolescencia con el [&hellip;]<\/p>\n","protected":false},"author":9,"featured_media":44302,"comment_status":"closed","ping_status":"open","sticky":false,"template":"","format":"standard","meta":[],"categories":[1,19],"tags":[],"jetpack_featured_media_url":"https:\/\/www.mijas.es\/wp-content\/uploads\/2021\/11\/20211105-COMISION-ABSENTISMO.-HIPOLITO-ZAPICO-Y-MARILO-OLMEDO.jpeg","_links":{"self":[{"href":"https:\/\/www.mijas.es\/portal\/wp-json\/wp\/v2\/posts\/44304"}],"collection":[{"href":"https:\/\/www.mijas.es\/portal\/wp-json\/wp\/v2\/posts"}],"about":[{"href":"https:\/\/www.mijas.es\/portal\/wp-json\/wp\/v2\/types\/post"}],"author":[{"embeddable":true,"href":"https:\/\/www.mijas.es\/portal\/wp-json\/wp\/v2\/users\/9"}],"replies":[{"embeddable":true,"href":"https:\/\/www.mijas.es\/portal\/wp-json\/wp\/v2\/comments?post=44304"}],"version-history":[{"count":1,"href":"https:\/\/www.mijas.es\/portal\/wp-json\/wp\/v2\/posts\/44304\/revisions"}],"predecessor-version":[{"id":44305,"href":"https:\/\/www.mijas.es\/portal\/wp-json\/wp\/v2\/posts\/44304\/revisions\/44305"}],"wp:featuredmedia":[{"embeddable":true,"href":"https:\/\/www.mijas.es\/portal\/wp-json\/wp\/v2\/media\/44302"}],"wp:attachment":[{"href":"https:\/\/www.mijas.es\/portal\/wp-json\/wp\/v2\/media?parent=44304"}],"wp:term":[{"taxonomy":"category","embeddable":true,"href":"https:\/\/www.mijas.es\/portal\/wp-json\/wp\/v2\/categories?post=44304"},{"taxonomy":"post_tag","embeddable":true,"href":"https:\/\/www.mijas.es\/portal\/wp-json\/wp\/v2\/tags?post=44304"}],"curies":[{"name":"wp","href":"https:\/\/api.w.org\/{rel}","templated":true}]}}