{"id":44293,"date":"2021-11-05T11:15:56","date_gmt":"2021-11-05T10:15:56","guid":{"rendered":"https:\/\/www.mijas.es\/portal\/?p=44293"},"modified":"2021-11-05T11:15:58","modified_gmt":"2021-11-05T10:15:58","slug":"mijas-celebra-la-festividad-de-la-policia-local-con-un-acto-de-entrega-de-condecoraciones-y-felicitaciones-a-agentes","status":"publish","type":"post","link":"https:\/\/www.mijas.es\/portal\/mijas-celebra-la-festividad-de-la-policia-local-con-un-acto-de-entrega-de-condecoraciones-y-felicitaciones-a-agentes\/","title":{"rendered":"Mijas celebra la festividad de la Polic\u00eda Local con un acto de entrega de condecoraciones y felicitaciones a agentes"},"content":{"rendered":"\n<ul><li>El alcalde de Mijas ha presidido una gala en la que se han entregado tres distintos azules y 16 concesiones con distintivo blanco a polic\u00edas de la localidad, adem\u00e1s de felicitar la labor de diversas instituciones y personas que han colaborado con este cuerpo durante 2021<\/li><\/ul>\n\n\n\n<p><strong>Mijas, 04 de noviembre de 2021.-<\/strong> Un a\u00f1o m\u00e1s, el Teatro Las Lagunas ha sido testigo del acto de celebraci\u00f3n de la festividad de San Miguel, Patr\u00f3n de la Polic\u00eda Local, durante el cual se ha procedido a la entrega de las condecoraciones al m\u00e9rito policial, as\u00ed como de las felicitaciones a agentes por su implicaci\u00f3n en intervenciones policiales de gran calado a lo largo del \u00faltimo a\u00f1o.<\/p>\n\n\n\n<p>\u00abHoy damos las condecoraciones y los agradecimientos y felicitaciones a miembros de la Polic\u00eda local y otras entidades que colaboran con la seguridad ciudadana en nuestro municipio como Guardia Civil, Acosol, o incluso ciudadanos que durante este a\u00f1o han tenido especial protagonismo en alguna actuaci\u00f3n policial de referencia\u00bb, afirma el regidor mije\u00f1o, Josele Gonz\u00e1lez, quien ha querido poner en valor \u00abla vocaci\u00f3n y el servicio p\u00fablico que llevan a cabo nuestros polic\u00edas locales con una profesionalidad impecable. Adem\u00e1s es una tarea que en muchos casos est\u00e1 poco reconocida o es poco visible, pero que finalmente se refleja en esas miles de llamadas resueltas al a\u00f1o por parte de nuestra polic\u00eda local\u00bb.<\/p>\n\n\n\n<p>En el pasado pleno de octubre, Mijas aprobaba las concesiones de cruces al M\u00e9rito Policial con distintivo azul por m\u00e1s de 30 a\u00f1os de servicio a tres agentes de la Polic\u00eda Local de Mijas y las concesiones con distintivo blanco por m\u00e1s de 20 a\u00f1os de servicio para otros 16 polic\u00edas m\u00e1s. Uno de ellos es Juan Manuel Rosas, quien dice sentirse \u00abmuy afortunado de llevar 20 a\u00f1os en la polic\u00eda y en Mijas, uno de los mejores sitios para desempe\u00f1ar la profesi\u00f3n de polic\u00eda local\u00bb.<\/p>\n\n\n\n<p>Un total de 150 agentes componen la plantilla actual de la Polic\u00eda Local de Mijas, la cual ha visto reconocida su labor durante estos \u00faltimos 12 meses en una gala en la que han asistido, adem\u00e1s, diversos miembros de la corporaci\u00f3n municipal y \u00abdonde hemos tenido la oportunidad de contar con la asistencia de los comisarios de Marbella y Fuengirola. La Polic\u00eda Local de Mijas est\u00e1 muy bien reconocida en los municipios del entorno y esa colaboraci\u00f3n cont\u00ednua que tenemos con cuerpos de otros puntos se ve reflejada con esa asistencia\u00bb, a\u00f1ade por su parte Gonz\u00e1lez, quien no ha querido olvidarse en este d\u00eda tan especial de la figura del agente tutor, \u00abclave en el absentismo escolar y con aquellas personas que sufren alg\u00fan tipo de enfermedad mental. Porque Mijas y la Polic\u00eda Local de Mijas son un referente\u00bb, concluye.<\/p>\n","protected":false},"excerpt":{"rendered":"<p>El alcalde de Mijas ha presidido una gala en la que se han entregado tres distintos azules y 16 concesiones con distintivo blanco a polic\u00edas de la localidad, adem\u00e1s de felicitar la labor de diversas instituciones y personas que han colaborado con este cuerpo durante 2021 Mijas, 04 de noviembre de 2021.- Un a\u00f1o m\u00e1s, [&hellip;]<\/p>\n","protected":false},"author":9,"featured_media":44292,"comment_status":"closed","ping_status":"open","sticky":false,"template":"","format":"standard","meta":[],"categories":[1,19],"tags":[],"jetpack_featured_media_url":"https:\/\/www.mijas.es\/wp-content\/uploads\/2021\/11\/20211104-FELICITACIONES-ACTO-POLICIA-MIJAS.-JOSELE-GONZALEZ.jpeg","_links":{"self":[{"href":"https:\/\/www.mijas.es\/portal\/wp-json\/wp\/v2\/posts\/44293"}],"collection":[{"href":"https:\/\/www.mijas.es\/portal\/wp-json\/wp\/v2\/posts"}],"about":[{"href":"https:\/\/www.mijas.es\/portal\/wp-json\/wp\/v2\/types\/post"}],"author":[{"embeddable":true,"href":"https:\/\/www.mijas.es\/portal\/wp-json\/wp\/v2\/users\/9"}],"replies":[{"embeddable":true,"href":"https:\/\/www.mijas.es\/portal\/wp-json\/wp\/v2\/comments?post=44293"}],"version-history":[{"count":1,"href":"https:\/\/www.mijas.es\/portal\/wp-json\/wp\/v2\/posts\/44293\/revisions"}],"predecessor-version":[{"id":44294,"href":"https:\/\/www.mijas.es\/portal\/wp-json\/wp\/v2\/posts\/44293\/revisions\/44294"}],"wp:featuredmedia":[{"embeddable":true,"href":"https:\/\/www.mijas.es\/portal\/wp-json\/wp\/v2\/media\/44292"}],"wp:attachment":[{"href":"https:\/\/www.mijas.es\/portal\/wp-json\/wp\/v2\/media?parent=44293"}],"wp:term":[{"taxonomy":"category","embeddable":true,"href":"https:\/\/www.mijas.es\/portal\/wp-json\/wp\/v2\/categories?post=44293"},{"taxonomy":"post_tag","embeddable":true,"href":"https:\/\/www.mijas.es\/portal\/wp-json\/wp\/v2\/tags?post=44293"}],"curies":[{"name":"wp","href":"https:\/\/api.w.org\/{rel}","templated":true}]}}