{"id":44279,"date":"2021-11-04T11:06:15","date_gmt":"2021-11-04T10:06:15","guid":{"rendered":"https:\/\/www.mijas.es\/portal\/?p=44279"},"modified":"2021-11-04T11:06:17","modified_gmt":"2021-11-04T10:06:17","slug":"mijas-consolida-su-accion-promocional-con-el-publico-oriental-en-la-wtm","status":"publish","type":"post","link":"https:\/\/www.mijas.es\/portal\/mijas-consolida-su-accion-promocional-con-el-publico-oriental-en-la-wtm\/","title":{"rendered":"Mijas consolida su acci\u00f3n promocional con el p\u00fablico oriental en la WTM"},"content":{"rendered":"\n<ul><li>El edil de turismo, Jos\u00e9 Carlos Mart\u00edn, ha establecido nuevos contactos con los profesionales del sector y les ha hecho entrega del los v\u00eddeos promocionales del municipio<\/li><\/ul>\n\n\n\n<p><strong>Mijas, 03 de noviembre de 2021.-<\/strong> Hoy finaliza la primera edici\u00f3n presencial tras la pandemia de la feria internacional de turismo, World Travel Market (WTM) de Londres donde la delegaci\u00f3n mije\u00f1a ha promocionado el municipio con dos mensajes marcados: destino seguro al aire libre y \u00bbMijas, Sol y Golf&#8217;. Como broche a esta edici\u00f3n, el edil de Turismo, Jos\u00e9 Carlos Mart\u00edn, ha establecido nuevos contactos con profesionales del sector tur\u00edstico oriental para seguir ahondando en este mercado que ya empez\u00f3 a trabajar el departamento con nuevas acciones m\u00e1s concretas y directas en la Feria Internacional de Turismo de Madrid (FITUR). \u00abNuestros esfuerzos principales se han dirigido estos d\u00edas a captar la atenci\u00f3n del Reino Unido que ha sido siempre por antonomasia el principal emisor de turistas internacionales a nuestra ciudad y al que queremos recuperar\u00bb, apunta el concejal quien puntualiza que \u00abeso no exime de poder trabajar otros nichos de mercado, como en este caso, el asi\u00e1tico, ya que la feria es un punto de encuentro entre pa\u00edses donde se dan cita todo tipo de profesionales del sector\u00bb.<\/p>\n\n\n\n<p>En este sentido, Mart\u00edn ha mantenido reuniones con agentes de Jap\u00f3n y Corea donde les ha hecho entrega del pendrive promocional de la ciudad. \u00abLa industria tur\u00edstica es esencial en la econom\u00eda mije\u00f1a y por ello estamos volcando todos nuestros esfuerzos en reactivarla. Trabajamos no solo a corto plazo sino tambi\u00e9n a medio y largo por lo que el turista oriental puede encajar perfectamente en esa siembra&#8217; que estamos realizando de la cual esperamos recoger los frutos\u00bb, asegura el edil quien a\u00f1ade que \u00abvamos a trabajar para dinamizar el mercado internacional al m\u00e1ximo\u00bb.<\/p>\n\n\n\n<p>Mart\u00edn ha destacado tambi\u00e9n esta ma\u00f1ana \u00abla importancia del visitante nacional\u00bb pues sin ellos, asegura, \u00abhubiera sido imposible salvar el verano\u00bb.<\/p>\n\n\n\n<p><strong>Visita guiada<\/strong><strong><\/strong><\/p>\n\n\n\n<p>El departamento de Turismo tiene preparado para el p\u00fablico oriental material audiovisual en ingl\u00e9s, japon\u00e9s, chino mandar\u00edn y coreano donde se les muestra una visita guiada por la ciudad. \u00abLo positivo de este tipo de turistas es que viajan en temporada baja por lo que nos ayudar\u00edan a romper la estacionalidad\u00bb,&nbsp; asevera el edil.<\/p>\n\n\n\n<p>As\u00ed pues, las previsiones para este tipo de turistas marcan el comienzo del flujo de visitantes en abril de 2022.<\/p>\n","protected":false},"excerpt":{"rendered":"<p>El edil de turismo, Jos\u00e9 Carlos Mart\u00edn, ha establecido nuevos contactos con los profesionales del sector y les ha hecho entrega del los v\u00eddeos promocionales del municipio Mijas, 03 de noviembre de 2021.- Hoy finaliza la primera edici\u00f3n presencial tras la pandemia de la feria internacional de turismo, World Travel Market (WTM) de Londres donde [&hellip;]<\/p>\n","protected":false},"author":9,"featured_media":44274,"comment_status":"closed","ping_status":"open","sticky":false,"template":"","format":"standard","meta":[],"categories":[1,19],"tags":[],"jetpack_featured_media_url":"https:\/\/www.mijas.es\/wp-content\/uploads\/2021\/11\/20211103-WTM.-JOSE-CARLOS-MARTIN.jpeg","_links":{"self":[{"href":"https:\/\/www.mijas.es\/portal\/wp-json\/wp\/v2\/posts\/44279"}],"collection":[{"href":"https:\/\/www.mijas.es\/portal\/wp-json\/wp\/v2\/posts"}],"about":[{"href":"https:\/\/www.mijas.es\/portal\/wp-json\/wp\/v2\/types\/post"}],"author":[{"embeddable":true,"href":"https:\/\/www.mijas.es\/portal\/wp-json\/wp\/v2\/users\/9"}],"replies":[{"embeddable":true,"href":"https:\/\/www.mijas.es\/portal\/wp-json\/wp\/v2\/comments?post=44279"}],"version-history":[{"count":1,"href":"https:\/\/www.mijas.es\/portal\/wp-json\/wp\/v2\/posts\/44279\/revisions"}],"predecessor-version":[{"id":44280,"href":"https:\/\/www.mijas.es\/portal\/wp-json\/wp\/v2\/posts\/44279\/revisions\/44280"}],"wp:featuredmedia":[{"embeddable":true,"href":"https:\/\/www.mijas.es\/portal\/wp-json\/wp\/v2\/media\/44274"}],"wp:attachment":[{"href":"https:\/\/www.mijas.es\/portal\/wp-json\/wp\/v2\/media?parent=44279"}],"wp:term":[{"taxonomy":"category","embeddable":true,"href":"https:\/\/www.mijas.es\/portal\/wp-json\/wp\/v2\/categories?post=44279"},{"taxonomy":"post_tag","embeddable":true,"href":"https:\/\/www.mijas.es\/portal\/wp-json\/wp\/v2\/tags?post=44279"}],"curies":[{"name":"wp","href":"https:\/\/api.w.org\/{rel}","templated":true}]}}