{"id":44277,"date":"2021-11-04T11:05:28","date_gmt":"2021-11-04T10:05:28","guid":{"rendered":"https:\/\/www.mijas.es\/portal\/?p=44277"},"modified":"2021-11-04T11:05:30","modified_gmt":"2021-11-04T10:05:30","slug":"mijas-prepara-un-comienzo-de-noviembre-terrorificamente-divertido-con-sus-actividades-de-halloween","status":"publish","type":"post","link":"https:\/\/www.mijas.es\/portal\/mijas-prepara-un-comienzo-de-noviembre-terrorificamente-divertido-con-sus-actividades-de-halloween\/","title":{"rendered":"Mijas prepara un comienzo de noviembre terror\u00edficamente divertido con sus actividades de Halloween"},"content":{"rendered":"\n<ul><li>Las actividades, pasajes del terror y foodtrucks, dar\u00e1n comienzo este viernes 5 de noviembre y se extender\u00e1n durante todo el fin de semana<\/li><\/ul>\n\n\n\n<p><strong>Mijas, 03 de noviembre de 2021.-<\/strong> La concejala de Fiestas y Juventud, Tamara Vera, ha anunciado esta ma\u00f1ana que las actividades de Halloween aplazadas por inestabilidad metereol\u00f3gica ya tienen nuevas fechas. As\u00ed, las familias mije\u00f1as pueden desempolvar de nuevo sus disfraces para disfrutar de un fin de semana de noviembre terror\u00edficamente divertido en el que est\u00e1 previsto dos pasajes del terror y un foodtruck que har\u00e1n las delicias de grandes y mayores.<\/p>\n\n\n\n<p>\u00abAunque los emplazamientos siguen siendo los mismos, hemos intentado que las fechas sean m\u00e1s variadas para conseguir que el mayor n\u00famero de familias puedan disfrutar de estas actividades. As\u00ed, empezaremos el viernes 5, a partir de las 18 horas, con el pasaje de terror infantil en la plaza Virgen de la Pe\u00f1a de Mijas Pueblo y la Plaza del Bulevar de La Cala\u00bb, explica Vera, quien ha a\u00f1adido que el pasaje del terror infantil en Las Lagunas se desplazar\u00e1 al Recinto Ferial de Las Lagunas \u00abel s\u00e1bado 6 de noviembre, de 18 a 22 horas, coincidiendo en horario con el pasaje del terror que organiza el \u00e1rea de Juventud en el Cortijo Don El\u00edas\u00bb.&nbsp;<\/p>\n\n\n\n<p>Por otro lado, estar\u00e1 la Foodtrucks Xperience, a trav\u00e9s de la cual se podr\u00e1 degustar la comida de hasta nueve chefs internacionales mientras se disfruta de m\u00fasica en directo. Esta actividad dar\u00e1 comienzo el jueves 4 de noviembre, a partir de las 19 horas, y se extender\u00e1 hasta el domingo 7 de noviembre. De viernes a domingo empezar\u00e1 a partir de las 13 horas.&nbsp;<\/p>\n\n\n\n<p>Desde las \u00e1reas de Fiestas y Juventud animan a todos los vecinos y visitantes \u00aba disfrutar de estas actividades al aire libre y de terror que no solo est\u00e1n pensadas para ni\u00f1os y j\u00f3venes, tambi\u00e9n para que todos podamos hacerlo en la mejor compa\u00f1\u00eda\u00bb.<\/p>\n","protected":false},"excerpt":{"rendered":"<p>Las actividades, pasajes del terror y foodtrucks, dar\u00e1n comienzo este viernes 5 de noviembre y se extender\u00e1n durante todo el fin de semana Mijas, 03 de noviembre de 2021.- La concejala de Fiestas y Juventud, Tamara Vera, ha anunciado esta ma\u00f1ana que las actividades de Halloween aplazadas por inestabilidad metereol\u00f3gica ya tienen nuevas fechas. As\u00ed, [&hellip;]<\/p>\n","protected":false},"author":9,"featured_media":44272,"comment_status":"closed","ping_status":"open","sticky":false,"template":"","format":"standard","meta":[],"categories":[1,19],"tags":[],"jetpack_featured_media_url":"https:\/\/www.mijas.es\/wp-content\/uploads\/2021\/11\/20211103-HALLOWEEN.-TAMARA-VERA.jpeg","_links":{"self":[{"href":"https:\/\/www.mijas.es\/portal\/wp-json\/wp\/v2\/posts\/44277"}],"collection":[{"href":"https:\/\/www.mijas.es\/portal\/wp-json\/wp\/v2\/posts"}],"about":[{"href":"https:\/\/www.mijas.es\/portal\/wp-json\/wp\/v2\/types\/post"}],"author":[{"embeddable":true,"href":"https:\/\/www.mijas.es\/portal\/wp-json\/wp\/v2\/users\/9"}],"replies":[{"embeddable":true,"href":"https:\/\/www.mijas.es\/portal\/wp-json\/wp\/v2\/comments?post=44277"}],"version-history":[{"count":1,"href":"https:\/\/www.mijas.es\/portal\/wp-json\/wp\/v2\/posts\/44277\/revisions"}],"predecessor-version":[{"id":44278,"href":"https:\/\/www.mijas.es\/portal\/wp-json\/wp\/v2\/posts\/44277\/revisions\/44278"}],"wp:featuredmedia":[{"embeddable":true,"href":"https:\/\/www.mijas.es\/portal\/wp-json\/wp\/v2\/media\/44272"}],"wp:attachment":[{"href":"https:\/\/www.mijas.es\/portal\/wp-json\/wp\/v2\/media?parent=44277"}],"wp:term":[{"taxonomy":"category","embeddable":true,"href":"https:\/\/www.mijas.es\/portal\/wp-json\/wp\/v2\/categories?post=44277"},{"taxonomy":"post_tag","embeddable":true,"href":"https:\/\/www.mijas.es\/portal\/wp-json\/wp\/v2\/tags?post=44277"}],"curies":[{"name":"wp","href":"https:\/\/api.w.org\/{rel}","templated":true}]}}