{"id":44275,"date":"2021-11-04T11:04:22","date_gmt":"2021-11-04T10:04:22","guid":{"rendered":"https:\/\/www.mijas.es\/portal\/?p=44275"},"modified":"2021-11-04T11:04:24","modified_gmt":"2021-11-04T10:04:24","slug":"mijas-premiada-por-su-programa-de-agente-tutor-en-los-premios-nacionales-a-las-buenas-practicas","status":"publish","type":"post","link":"https:\/\/www.mijas.es\/portal\/mijas-premiada-por-su-programa-de-agente-tutor-en-los-premios-nacionales-a-las-buenas-practicas\/","title":{"rendered":"Mijas premiada por su programa de agente tutor en los Premios Nacionales a las Buenas Pr\u00e1cticas"},"content":{"rendered":"\n<ul><li>El alcalde de Mijas, Josele Gonz\u00e1lez, el intendente de la Polic\u00eda Local, Juan Manuel Rosas y el agente tutor, \u00c1ngel Blanc, han recogido esta ma\u00f1ana en Madrid el galard\u00f3n que reconoce su labor a las buenas pr\u00e1cticas por su programa de Salud Mental dentro de la categor\u00eda de Innovaci\u00f3n<\/li><\/ul>\n\n\n\n<p><strong>Mijas, 03 de noviembre de 2021.-<\/strong> Mijas se trae a casa de nuevo un galard\u00f3n de los Premios Nacionales a las Buenas Pr\u00e1cticas desarrolladas en el Programa Marco Agente Tutor, una iniciativa impulsada por la FEMP, el Plan Nacional sobre Drogas y la Asociaci\u00f3n Nacional de Agentes Tutores (ANAT). El alcalde de Mijas, Josele Gonz\u00e1lez, el intendente de la Polic\u00eda Local, Juan Manuel Rosas y el agente tutor, \u00c1ngel Blanc, se han desplazado hasta Madrid para recoger este premio con el que ya se alzaron en 2019.<\/p>\n\n\n\n<p>\u00abNuevamente Mijas se posiciona como un referente en innovaci\u00f3n y lo hace no s\u00f3lo en materia de prevenci\u00f3n del absentismo escolar gracias a su programa de agente tutor, un proyecto que implica no solo a Polic\u00eda Local, las \u00e1reas de Servicios Sociales y Educaci\u00f3n del Ayuntamiento de Mijas u otros organismos como Cruz Roja,&nbsp; permitiendo que en su corta vida, unos cuatro a\u00f1os, el absentismo escolar en Mijas haya descendido notablemente en las aulas\u00bb, si no tambi\u00e9n&nbsp; \u201cgracias a un programa pionero en materia de Salud Mental que ya se est\u00e1 convirtiendo en todo un referente en la regi\u00f3n y en la que est\u00e1n implicados diversas entidades, <a><\/a>organismos y \u00e1reas municipales a fin de dar una respuesta adecuada a la que es una realidad de nuestra sociedad que necesita de la atenci\u00f3n por parte de su administraci\u00f3n m\u00e1s cercana\u201d.<\/p>\n\n\n\n<p>En este sentido, tal y como recuerdan desde el Consistorio, Mijas cerr\u00f3 el curso escolar 2020\/2021 con apenas un uno por ciento de absentismo. Seg\u00fan palabras del concejal de Servicios Sociales, Hip\u00f3lito Zapico \u00abuna cifra muy baja si tenemos en cuenta que en el municipio hay unos 12.000 alumnos matriculados entre Primaria y ESO\u00bb, quien ha a\u00f1adido que el \u00abprograma de agente tutor es una pieza clave en este descenso pero va mucho m\u00e1s all\u00e1, esta es una figura que ahora se ha a\u00f1adido al proyecto pionero de Salud Mental que hemos puesto en marcha desde el Ayuntamiento de Mijas en el que colaboran entre otros Polic\u00eda Local, trabajadoras sociales y educadoras y a trav\u00e9s del cual se realiza un seguimiento activo de los casos\u201d.<\/p>\n\n\n\n<p>Por su parte, el premiado \u00c1ngel Blanc no puede tener un balance m\u00e1s positivo de su paso por este programa en el que trabaja a diario con estudiantes mije\u00f1os. \u00abCreo que si en algo radica el \u00e9xito de este programa es en la cercan\u00eda a la hora de tratar los problemas de m\u00e1xime cuando hablamos de salud mental . Tiene un lado muy humano y eso termina traspasando y logrando los resultados&nbsp; que estamos viendo en los \u00faltimos a\u00f1os. Sin duda, para m\u00ed ha supuesto un gran reto como polic\u00eda local pero tambi\u00e9n en lo personal\u00bb, concluye.<\/p>\n","protected":false},"excerpt":{"rendered":"<p>El alcalde de Mijas, Josele Gonz\u00e1lez, el intendente de la Polic\u00eda Local, Juan Manuel Rosas y el agente tutor, \u00c1ngel Blanc, han recogido esta ma\u00f1ana en Madrid el galard\u00f3n que reconoce su labor a las buenas pr\u00e1cticas por su programa de Salud Mental dentro de la categor\u00eda de Innovaci\u00f3n Mijas, 03 de noviembre de 2021.- [&hellip;]<\/p>\n","protected":false},"author":9,"featured_media":44273,"comment_status":"closed","ping_status":"open","sticky":false,"template":"","format":"standard","meta":[],"categories":[1,19],"tags":[],"jetpack_featured_media_url":"https:\/\/www.mijas.es\/wp-content\/uploads\/2021\/11\/20211103-PREMIOS-AGENTE-TUTOR.jpeg","_links":{"self":[{"href":"https:\/\/www.mijas.es\/portal\/wp-json\/wp\/v2\/posts\/44275"}],"collection":[{"href":"https:\/\/www.mijas.es\/portal\/wp-json\/wp\/v2\/posts"}],"about":[{"href":"https:\/\/www.mijas.es\/portal\/wp-json\/wp\/v2\/types\/post"}],"author":[{"embeddable":true,"href":"https:\/\/www.mijas.es\/portal\/wp-json\/wp\/v2\/users\/9"}],"replies":[{"embeddable":true,"href":"https:\/\/www.mijas.es\/portal\/wp-json\/wp\/v2\/comments?post=44275"}],"version-history":[{"count":1,"href":"https:\/\/www.mijas.es\/portal\/wp-json\/wp\/v2\/posts\/44275\/revisions"}],"predecessor-version":[{"id":44276,"href":"https:\/\/www.mijas.es\/portal\/wp-json\/wp\/v2\/posts\/44275\/revisions\/44276"}],"wp:featuredmedia":[{"embeddable":true,"href":"https:\/\/www.mijas.es\/portal\/wp-json\/wp\/v2\/media\/44273"}],"wp:attachment":[{"href":"https:\/\/www.mijas.es\/portal\/wp-json\/wp\/v2\/media?parent=44275"}],"wp:term":[{"taxonomy":"category","embeddable":true,"href":"https:\/\/www.mijas.es\/portal\/wp-json\/wp\/v2\/categories?post=44275"},{"taxonomy":"post_tag","embeddable":true,"href":"https:\/\/www.mijas.es\/portal\/wp-json\/wp\/v2\/tags?post=44275"}],"curies":[{"name":"wp","href":"https:\/\/api.w.org\/{rel}","templated":true}]}}