{"id":44253,"date":"2021-11-03T12:01:31","date_gmt":"2021-11-03T11:01:31","guid":{"rendered":"https:\/\/www.mijas.es\/portal\/?p=44253"},"modified":"2021-11-03T12:01:33","modified_gmt":"2021-11-03T11:01:33","slug":"mijas-forma-a-orientadores-de-institutos-a-traves-de-su-plan-local-de-prevencion-del-suicidio","status":"publish","type":"post","link":"https:\/\/www.mijas.es\/portal\/mijas-forma-a-orientadores-de-institutos-a-traves-de-su-plan-local-de-prevencion-del-suicidio\/","title":{"rendered":"Mijas forma a orientadores de institutos a trav\u00e9s de su Plan local de Prevenci\u00f3n del Suicidio"},"content":{"rendered":"\n<ul><li>El objetivo de esta formaci\u00f3n es poner en com\u00fan herramientas y pautas que permitan detectar las se\u00f1ales de conductas suicidas<\/li><\/ul>\n\n\n\n<p><strong>Mijas, 02 de noviembre de 2021.-<\/strong> Desde su puesta en marcha a principios de a\u00f1o, el Plan local de Prevenci\u00f3n del Suicidio del Ayuntamiento de Mijas ha formado a profesionales de Servicios Sociales, Sanidad o Polic\u00eda Local. El siguiente colectivo en participar en estos talleres ha sido el de los orientadores de los centros educativos mije\u00f1os, quienes han podido poner en com\u00fan junto al concejal del \u00e1rea de Servicios Sociales, Hip\u00f3lito Zapico, y el coordinador de la Unidad de Salud Mental de Fuengirola-Mijas, Israel Codina, pautas y herramientas que permitan detectar a tiempo las se\u00f1ales de personas con tendencias suicidas.<\/p>\n\n\n\n<p>\u00abLamentablemente, una de las cosas que estamos detectando es que estas se\u00f1ales est\u00e1n d\u00e1ndose y aumentando de una manera preocupante entre los adolescentes y alumnado de los institutos. Los orientadores de los institutos son una pieza fundamental en este engranaje porque ellos est\u00e1n en contacto con los adolescentes todos los d\u00edas. Son personas muy formadas y con experiencia, es por ello que esta formaci\u00f3n tiene como objetivo que se nutran unos de otros, aportando la realidad que ellos encuentran en los institutos con la que ofrece el equipo de salud mental del distrito sanitario\u00bb, explica Zapico.<\/p>\n\n\n\n<p>Los intentos de suicidio entre los j\u00f3venes ha crecido exponencialmente en los \u00faltimos meses de pandemia, no en vano el suicidio es ya la segunda causa de muerte en la juventud espa\u00f1ola de 15 a 29 a\u00f1os. Un dato que preocupa y mucho entre los orientadores de los centros educativos que conviven d\u00eda a d\u00eda con numerosos casos de autolesiones, que no son \u00abllamadas de atenci\u00f3n\u00bb, como subraya Maite Luque, orientadora del IES Sierra de Mijas, y una de las participantes de esta formaci\u00f3n.<\/p>\n\n\n\n<p>\u00abSe est\u00e1n dando much\u00edsimos casos de autolesiones que hay que tenerlos en cuenta porque no son solo llamadas de atenci\u00f3n sino que realmente se ha comprobado que pueden ser una antesala de la prevenci\u00f3n del suicidio, con lo cual esta formaci\u00f3n me parece una idea fenomenal, necesaria, siempre en colaboraci\u00f3n con todas las instituciones del entorno dado que todas podemos aportar\u00bb, sentencia.<\/p>\n\n\n\n<p>A trav\u00e9s de la campa\u00f1a &#8216;La vida es la soluci\u00f3n&#8217;, el departamento de Servicios Sociales busca concienciar y \u00abdar visibilidad a la problem\u00e1tica de la conducta suicida y de la salud mental en la comunidad. Igualmente, a trav\u00e9s de estas formaciones queremos dar a los profesionales las herramientas que les faltaban y protocolos para detectar los casos a tiempo y derivarlos correctamente\u00bb, a\u00f1ade por su parte Mar\u00eda del Mar S\u00e1nchez, psic\u00f3loga de Servicios Sociales del Ayuntamiento de Mijas.<\/p>\n\n\n\n<p>Desde esta \u00e1rea han adelantado su intenci\u00f3n de trasladar la formaci\u00f3n \u00aba todas las asociaciones que tenemos en Mijas, ya sean espec\u00edficamente de salud mental como Afesol, u otro tipo de asociaciones que de alguna manera tienen un contacto social importante y que pueden estar alertas sobre estas se\u00f1ales que se dan\u00bb.<\/p>\n","protected":false},"excerpt":{"rendered":"<p>El objetivo de esta formaci\u00f3n es poner en com\u00fan herramientas y pautas que permitan detectar las se\u00f1ales de conductas suicidas Mijas, 02 de noviembre de 2021.- Desde su puesta en marcha a principios de a\u00f1o, el Plan local de Prevenci\u00f3n del Suicidio del Ayuntamiento de Mijas ha formado a profesionales de Servicios Sociales, Sanidad o [&hellip;]<\/p>\n","protected":false},"author":9,"featured_media":44246,"comment_status":"closed","ping_status":"open","sticky":false,"template":"","format":"standard","meta":[],"categories":[1,19],"tags":[],"jetpack_featured_media_url":"https:\/\/www.mijas.es\/wp-content\/uploads\/2021\/11\/20211102-FORMACION-PREVENCION-DEL-SUICIDIO.-HIPOLITO-ZAPICO.jpeg","_links":{"self":[{"href":"https:\/\/www.mijas.es\/portal\/wp-json\/wp\/v2\/posts\/44253"}],"collection":[{"href":"https:\/\/www.mijas.es\/portal\/wp-json\/wp\/v2\/posts"}],"about":[{"href":"https:\/\/www.mijas.es\/portal\/wp-json\/wp\/v2\/types\/post"}],"author":[{"embeddable":true,"href":"https:\/\/www.mijas.es\/portal\/wp-json\/wp\/v2\/users\/9"}],"replies":[{"embeddable":true,"href":"https:\/\/www.mijas.es\/portal\/wp-json\/wp\/v2\/comments?post=44253"}],"version-history":[{"count":1,"href":"https:\/\/www.mijas.es\/portal\/wp-json\/wp\/v2\/posts\/44253\/revisions"}],"predecessor-version":[{"id":44254,"href":"https:\/\/www.mijas.es\/portal\/wp-json\/wp\/v2\/posts\/44253\/revisions\/44254"}],"wp:featuredmedia":[{"embeddable":true,"href":"https:\/\/www.mijas.es\/portal\/wp-json\/wp\/v2\/media\/44246"}],"wp:attachment":[{"href":"https:\/\/www.mijas.es\/portal\/wp-json\/wp\/v2\/media?parent=44253"}],"wp:term":[{"taxonomy":"category","embeddable":true,"href":"https:\/\/www.mijas.es\/portal\/wp-json\/wp\/v2\/categories?post=44253"},{"taxonomy":"post_tag","embeddable":true,"href":"https:\/\/www.mijas.es\/portal\/wp-json\/wp\/v2\/tags?post=44253"}],"curies":[{"name":"wp","href":"https:\/\/api.w.org\/{rel}","templated":true}]}}