{"id":44251,"date":"2021-11-03T12:00:19","date_gmt":"2021-11-03T11:00:19","guid":{"rendered":"https:\/\/www.mijas.es\/portal\/?p=44251"},"modified":"2021-11-03T12:00:21","modified_gmt":"2021-11-03T11:00:21","slug":"la-calle-malaga-de-mijas-pueblo-permanecera-cortada-al-trafico-parcialmente-los-dias-3-y-4-de-noviembre","status":"publish","type":"post","link":"https:\/\/www.mijas.es\/portal\/la-calle-malaga-de-mijas-pueblo-permanecera-cortada-al-trafico-parcialmente-los-dias-3-y-4-de-noviembre\/","title":{"rendered":"La Calle M\u00e1laga de Mijas Pueblo permanecer\u00e1 cortada al tr\u00e1fico parcialmente los d\u00edas 3 y 4 de noviembre"},"content":{"rendered":"\n<ul><li>El \u00e1rea de Tr\u00e1fico ha anunciado su cierre con motivo de la retirada de los toldos que se ubican en este vial<\/li><\/ul>\n\n\n\n<p><strong>Mijas, 02 de noviembre de 2021.-<\/strong> La concejal\u00eda de Tr\u00e1fico del Ayuntamiento de Mijas ha anunciado esta ma\u00f1ana que la Calle M\u00e1laga de Mijas Pueblo permanecer\u00e1 cerrada al tr\u00e1fico parcialmente los d\u00edas 3 y 4 de noviembre con motivo de la retirada de los toldos colocados en este vial tan tur\u00edstico y comercial del n\u00facleo mije\u00f1o.<\/p>\n\n\n\n<p>En este sentido, concretar que el corte de la Calle M\u00e1laga ser\u00e1 parcial, en horario de 9.30 de la ma\u00f1ana hasta las 6 de la tarde, con m\u00e1rgenes para permitir la entrada y salida de veh\u00edculos procedentes del colegio San Sebasti\u00e1n.<\/p>\n\n\n\n<p>Desde el Consistorio piden disculpas por las molestias que estos cortes de tr\u00e1fico puedan ocasionar en vecinos y visitantes.<\/p>\n","protected":false},"excerpt":{"rendered":"<p>El \u00e1rea de Tr\u00e1fico ha anunciado su cierre con motivo de la retirada de los toldos que se ubican en este vial Mijas, 02 de noviembre de 2021.- La concejal\u00eda de Tr\u00e1fico del Ayuntamiento de Mijas ha anunciado esta ma\u00f1ana que la Calle M\u00e1laga de Mijas Pueblo permanecer\u00e1 cerrada al tr\u00e1fico parcialmente los d\u00edas 3 [&hellip;]<\/p>\n","protected":false},"author":9,"featured_media":0,"comment_status":"closed","ping_status":"open","sticky":false,"template":"","format":"standard","meta":[],"categories":[1,19],"tags":[],"jetpack_featured_media_url":"","_links":{"self":[{"href":"https:\/\/www.mijas.es\/portal\/wp-json\/wp\/v2\/posts\/44251"}],"collection":[{"href":"https:\/\/www.mijas.es\/portal\/wp-json\/wp\/v2\/posts"}],"about":[{"href":"https:\/\/www.mijas.es\/portal\/wp-json\/wp\/v2\/types\/post"}],"author":[{"embeddable":true,"href":"https:\/\/www.mijas.es\/portal\/wp-json\/wp\/v2\/users\/9"}],"replies":[{"embeddable":true,"href":"https:\/\/www.mijas.es\/portal\/wp-json\/wp\/v2\/comments?post=44251"}],"version-history":[{"count":1,"href":"https:\/\/www.mijas.es\/portal\/wp-json\/wp\/v2\/posts\/44251\/revisions"}],"predecessor-version":[{"id":44252,"href":"https:\/\/www.mijas.es\/portal\/wp-json\/wp\/v2\/posts\/44251\/revisions\/44252"}],"wp:attachment":[{"href":"https:\/\/www.mijas.es\/portal\/wp-json\/wp\/v2\/media?parent=44251"}],"wp:term":[{"taxonomy":"category","embeddable":true,"href":"https:\/\/www.mijas.es\/portal\/wp-json\/wp\/v2\/categories?post=44251"},{"taxonomy":"post_tag","embeddable":true,"href":"https:\/\/www.mijas.es\/portal\/wp-json\/wp\/v2\/tags?post=44251"}],"curies":[{"name":"wp","href":"https:\/\/api.w.org\/{rel}","templated":true}]}}