{"id":44249,"date":"2021-11-03T11:57:39","date_gmt":"2021-11-03T10:57:39","guid":{"rendered":"https:\/\/www.mijas.es\/portal\/?p=44249"},"modified":"2021-11-03T11:59:36","modified_gmt":"2021-11-03T10:59:36","slug":"el-yacimiento-del-cortijo-de-acebedo-abre-sus-puertas-por-primera-vez-a-estudiantes-mijenos","status":"publish","type":"post","link":"https:\/\/www.mijas.es\/portal\/el-yacimiento-del-cortijo-de-acebedo-abre-sus-puertas-por-primera-vez-a-estudiantes-mijenos\/","title":{"rendered":"El yacimiento del Cortijo de Acebedo abre sus puertas por primera vez a estudiantes mije\u00f1os"},"content":{"rendered":"\n<ul><li>Los alumnos del IES Las Lagunas han sido los primeros en conocer este patrimonio arqueol\u00f3gico con motivo de una nueva jornada de visitas guiadas\u00a0<\/li><\/ul>\n\n\n\n<p><strong>Mijas, 02 noviembre de 2021.-<\/strong> El yacimiento del Cortijo de Acebedo ha vuelto a abrir sus puertas y esta vez lo ha hecho con una novedad: entre su p\u00fablico estaban alumnos del IES Sierra de Mijas. Junto a ellos, el alcalde de Mijas, Josele Gonz\u00e1lez, y la concejala de Patrimonio Hist\u00f3rico, Laura Moreno, quienes han participado en estas visitadas guiadas al patrimonio arqueol\u00f3gico mije\u00f1o.<\/p>\n\n\n\n<p>\u00abEncuadrado dentro de las jornadas europeas de patrimonio donde participan once municipios de la provincia, el yacimiento del Cortijo de Acebedo es el \u00fanico en el que se est\u00e1 trabajando mientras se visita. En esta ocasi\u00f3n, comenzamos las visitas por primera vez con los institutos. Estos alumnos del IES Las Lagunas est\u00e1n estudiando Patrimonio Hist\u00f3rico y han podido comprobar a trav\u00e9s de esta visita que m\u00e1s all\u00e1 de los libros, esa parte de la historia la tienen muy cerca, sin salir de su propio municipio\u00bb, afirma el regidor mije\u00f1o, quien ha subrayado que el yacimiento de Acebedo \u00abse ha convertido en un icono en la provincia, un patrimonio hist\u00f3rico que tenemos bajo nosotros que estamos dispuestos a ponerlo en valor para que sea un grand\u00edsimo referente desde el punto de vista hist\u00f3rico, arqueol\u00f3gico y tambi\u00e9n tur\u00edstico\u00bb.<\/p>\n\n\n\n<p>Esta segunda ronda de visitas guiadas al Cortijo de Acebedo se ha enmarcado dentro de unas jornadas que organizaba el Consejo de Europa a distintos yacimientos. En el caso del mije\u00f1o, los participantes, en grupos reducidos de 15 personas, han podido conocer la historia del municipio desde la parte m\u00e1s antigua que recoge este yacimiento, que data del siglo VI y VIII antes de Cristo, hasta la parte m\u00e1s moderna, correspondiente a la \u00e9poca romana del siglo VI despu\u00e9s de Cristo. Asimismo, han podido conocer in situ los nuevos descubrimientos por los que ya se han interesado universidades como las de C\u00e1diz o Madrid.<\/p>\n\n\n\n<p>\u00abYa se han contabilizado seis hornos y estamos a la espera de sellar esos hornos para que no se vengan abajo en las pr\u00f3ximas lluvias. Son restos que tienen una importancia extraordinaria, de hecho el horno rectangular no se encuentra en ning\u00fan otro lugar de Andaluc\u00eda. Tambi\u00e9n han podido conocer los distintos pilares que tenemos de una habitaci\u00f3n de m\u00e1s de 26 metros cuadrados, estructuras que no se encuentran en ning\u00fan yacimiento de la Costa del Sol\u00bb, a\u00f1ade Moreno, quien ha recordado que \u00abhace unos d\u00edas d\u00e1bamos cuenta tambi\u00e9n de la creaci\u00f3n del puesto de arque\u00f3logo y del auxiliar de archivo, porque lo primero que tenemos que hacer es darle envergadura a este departamento, ya que tenemos much\u00edsimos restos arqueol\u00f3gicos en nuestro municipio que ya tienen entidad propia. En definitiva, dejar una estructura predeterminada para que venga quien venga, y gobierne quien gobierne, le d\u00e9 la importancia que realmente tiene\u00bb.<\/p>\n","protected":false},"excerpt":{"rendered":"<p>Los alumnos del IES Las Lagunas han sido los primeros en conocer este patrimonio arqueol\u00f3gico con motivo de una nueva jornada de visitas guiadas\u00a0 Mijas, 02 noviembre de 2021.- El yacimiento del Cortijo de Acebedo ha vuelto a abrir sus puertas y esta vez lo ha hecho con una novedad: entre su p\u00fablico estaban alumnos [&hellip;]<\/p>\n","protected":false},"author":9,"featured_media":44245,"comment_status":"closed","ping_status":"open","sticky":false,"template":"","format":"standard","meta":[],"categories":[1,19],"tags":[],"jetpack_featured_media_url":"https:\/\/www.mijas.es\/wp-content\/uploads\/2021\/11\/20211102-CORTIJO-DE-ACEBEDO.-JOSELE-GONZALEZ.jpeg","_links":{"self":[{"href":"https:\/\/www.mijas.es\/portal\/wp-json\/wp\/v2\/posts\/44249"}],"collection":[{"href":"https:\/\/www.mijas.es\/portal\/wp-json\/wp\/v2\/posts"}],"about":[{"href":"https:\/\/www.mijas.es\/portal\/wp-json\/wp\/v2\/types\/post"}],"author":[{"embeddable":true,"href":"https:\/\/www.mijas.es\/portal\/wp-json\/wp\/v2\/users\/9"}],"replies":[{"embeddable":true,"href":"https:\/\/www.mijas.es\/portal\/wp-json\/wp\/v2\/comments?post=44249"}],"version-history":[{"count":1,"href":"https:\/\/www.mijas.es\/portal\/wp-json\/wp\/v2\/posts\/44249\/revisions"}],"predecessor-version":[{"id":44250,"href":"https:\/\/www.mijas.es\/portal\/wp-json\/wp\/v2\/posts\/44249\/revisions\/44250"}],"wp:featuredmedia":[{"embeddable":true,"href":"https:\/\/www.mijas.es\/portal\/wp-json\/wp\/v2\/media\/44245"}],"wp:attachment":[{"href":"https:\/\/www.mijas.es\/portal\/wp-json\/wp\/v2\/media?parent=44249"}],"wp:term":[{"taxonomy":"category","embeddable":true,"href":"https:\/\/www.mijas.es\/portal\/wp-json\/wp\/v2\/categories?post=44249"},{"taxonomy":"post_tag","embeddable":true,"href":"https:\/\/www.mijas.es\/portal\/wp-json\/wp\/v2\/tags?post=44249"}],"curies":[{"name":"wp","href":"https:\/\/api.w.org\/{rel}","templated":true}]}}