{"id":44247,"date":"2021-11-03T11:56:28","date_gmt":"2021-11-03T10:56:28","guid":{"rendered":"https:\/\/www.mijas.es\/portal\/?p=44247"},"modified":"2021-11-03T11:56:30","modified_gmt":"2021-11-03T10:56:30","slug":"finaliza-el-acondicionamiento-de-los-caminos-rurales-de-mijas-para-minimizar-las-consecuencias-de-las-lluvias-de-invierno","status":"publish","type":"post","link":"https:\/\/www.mijas.es\/portal\/finaliza-el-acondicionamiento-de-los-caminos-rurales-de-mijas-para-minimizar-las-consecuencias-de-las-lluvias-de-invierno\/","title":{"rendered":"Finaliza el acondicionamiento de los caminos rurales de Mijas para minimizar las consecuencias de las lluvias de invierno"},"content":{"rendered":"\n<ul><li>El edil de Zonas Rurales y Servicios Operativos, Jos\u00e9 Carlos Mart\u00edn, ha explicado la importancia de estos trabajos que han contado con una inversi\u00f3n de 66.500 euros y un plazo de ejecuci\u00f3n de 2 meses<\/li><\/ul>\n\n\n\n<p><strong>Mijas, 02 de noviembre de 2021.-<\/strong> El edil de Zonas Rurales y Servicios Operativos, Jos\u00e9 Carlos Mart\u00edn, ha anunciado esta ma\u00f1ana que ya han finalizados las actuaciones dentro del &#8216;Plan Anual de Mejora de los Caminos Rurales&#8217;, llevadas a cabo en la zona de Puerto de los Gatos y entre las urbanizaciones de Torreblanca y Osunillas hasta llegar a los accesos de los diseminados de Entrerr\u00edos, Valtocado, La Alquer\u00eda y la Retama. \u00abEl principal motivo es facilitar el d\u00eda a d\u00eda a los usuarios para que puedan transitar con todas las garant\u00edas minimizando los efectos del agua, sobretodo cuando llegan los temporales que estamos teniendo en los \u00faltimos a\u00f1os. Tenemos que estar preparados y evitar que ocasionen da\u00f1os mayores\u00bb, apunta el concejal.<\/p>\n\n\n\n<p>As\u00ed pues, los operarios han realizado tareas de nivelaci\u00f3n del terreno y colocaci\u00f3n de ahorra artificial para cubrir los huecos que pod\u00edan desestabilizar los caminos para aportar mayor consistencia. \u00abEn primer lugar se ha procedido a la limpieza de las cunetas para facilitar la evacuaci\u00f3n de aguas en caso de lluvias fuertes, y seguidamente los operarios han continuado con la nivelaci\u00f3n y compactaci\u00f3n del terreno\u00bb, a\u00f1ade Mart\u00edn.<\/p>\n\n\n\n<p>En este sentido, esta actuaci\u00f3n ha contado con una inversi\u00f3n de alrededor de 66.500 euros, con un plazo de ejecuci\u00f3n de 2 meses, contando durante las labores con dos motoniveladoras, dos rulos de 19 toneladas, dos camiones de riego de 10.000 litros, una retroexcavadora de ruedas y un cami\u00f3n de tres ejes.<\/p>\n\n\n\n<p>Mijas tiene diferentes modelos de habitabilidad en su t\u00e9rmino municipal que van desde sus tres n\u00facleos urbanos (Mijas Pueblo, Las Lagunas y La Cala) hasta las urbanizaciones y las zonas rurales. Desde el equipo de gobierno ponen los recursos necesarios en cada caso para que las infraestructuras y los espacios de la ciudad est\u00e9n en perfectas condiciones para el uso de los vecinos con todas las garant\u00edas.<\/p>\n","protected":false},"excerpt":{"rendered":"<p>El edil de Zonas Rurales y Servicios Operativos, Jos\u00e9 Carlos Mart\u00edn, ha explicado la importancia de estos trabajos que han contado con una inversi\u00f3n de 66.500 euros y un plazo de ejecuci\u00f3n de 2 meses Mijas, 02 de noviembre de 2021.- El edil de Zonas Rurales y Servicios Operativos, Jos\u00e9 Carlos Mart\u00edn, ha anunciado esta [&hellip;]<\/p>\n","protected":false},"author":9,"featured_media":44244,"comment_status":"closed","ping_status":"open","sticky":false,"template":"","format":"standard","meta":[],"categories":[1,19],"tags":[],"jetpack_featured_media_url":"https:\/\/www.mijas.es\/wp-content\/uploads\/2021\/11\/20211102-CAMINOS-RURALES.-JOSE-CARLOS-MARTIN.jpeg","_links":{"self":[{"href":"https:\/\/www.mijas.es\/portal\/wp-json\/wp\/v2\/posts\/44247"}],"collection":[{"href":"https:\/\/www.mijas.es\/portal\/wp-json\/wp\/v2\/posts"}],"about":[{"href":"https:\/\/www.mijas.es\/portal\/wp-json\/wp\/v2\/types\/post"}],"author":[{"embeddable":true,"href":"https:\/\/www.mijas.es\/portal\/wp-json\/wp\/v2\/users\/9"}],"replies":[{"embeddable":true,"href":"https:\/\/www.mijas.es\/portal\/wp-json\/wp\/v2\/comments?post=44247"}],"version-history":[{"count":1,"href":"https:\/\/www.mijas.es\/portal\/wp-json\/wp\/v2\/posts\/44247\/revisions"}],"predecessor-version":[{"id":44248,"href":"https:\/\/www.mijas.es\/portal\/wp-json\/wp\/v2\/posts\/44247\/revisions\/44248"}],"wp:featuredmedia":[{"embeddable":true,"href":"https:\/\/www.mijas.es\/portal\/wp-json\/wp\/v2\/media\/44244"}],"wp:attachment":[{"href":"https:\/\/www.mijas.es\/portal\/wp-json\/wp\/v2\/media?parent=44247"}],"wp:term":[{"taxonomy":"category","embeddable":true,"href":"https:\/\/www.mijas.es\/portal\/wp-json\/wp\/v2\/categories?post=44247"},{"taxonomy":"post_tag","embeddable":true,"href":"https:\/\/www.mijas.es\/portal\/wp-json\/wp\/v2\/tags?post=44247"}],"curies":[{"name":"wp","href":"https:\/\/api.w.org\/{rel}","templated":true}]}}