{"id":44233,"date":"2021-11-02T13:11:24","date_gmt":"2021-11-02T12:11:24","guid":{"rendered":"https:\/\/www.mijas.es\/portal\/?p=44233"},"modified":"2021-11-02T13:11:27","modified_gmt":"2021-11-02T12:11:27","slug":"mijas-saca-a-licitacion-en-2022-la-construccion-del-nuevo-parking-de-los-santos-y-la-redaccion-de-otros-cuatro-proyectos","status":"publish","type":"post","link":"https:\/\/www.mijas.es\/portal\/mijas-saca-a-licitacion-en-2022-la-construccion-del-nuevo-parking-de-los-santos-y-la-redaccion-de-otros-cuatro-proyectos\/","title":{"rendered":"Mijas saca a licitaci\u00f3n en 2022 la construcci\u00f3n del nuevo parking de Los Santos y la redacci\u00f3n de otros cuatro proyectos"},"content":{"rendered":"\n<ul><li>El \u00e1rea de Infraestructuras y Obras, coordinada por el edil Jos\u00e9 Carlos Mart\u00edn, ha planteado diez aparcamientos p\u00fablicos en los \u00faltimos casi seis a\u00f1os algunos de los cuales est\u00e1n ejecutados, otros con los proyectos redactados y otros con consignaci\u00f3n presupuestaria para su redacci\u00f3n adem\u00e1s de uno esperando informe sectorial para su ampliaci\u00f3n<\/li><\/ul>\n\n\n\n<p><strong>Mijas, 29 de octubre de 2021.-<\/strong> El problema del aparcamiento en Mijas est\u00e1 m\u00e1s cerca de pasar a la historia. Esta demanda vecinal de anta\u00f1o est\u00e1 empezando a solucionarse gracias al \u2018Plan de Aparcamiento Municipal\u2019 puesto en marcha por el \u00e1rea de Infraestructuras y Obras, coordinada por el edil, Jos\u00e9 Carlos Mart\u00edn, hace casi seis a\u00f1os. \u201cEste tipo de trabajos de envergadura requieren su tiempo pero ya estamos viendo los resultados y los mije\u00f1os van a poder estacionar con mayor facilidad en una ciudad que va incrementando su poblaci\u00f3n a\u00f1o tras a\u00f1o y que ha de tener una respuesta de la administraci\u00f3n local a este crecimiento en cuanto a infraestructuras se refiere por lo que estamos siendo previsores, no solo para poner soluci\u00f3n al problema actual, sino para que no vuelva a ocurrir\u201d, asegura Mart\u00edn.<\/p>\n\n\n\n<p>Desde 2016 el departamento ha planteado diez aparcamientos p\u00fablicos algunos de los cuales est\u00e1n ejecutados, otros con los proyectos redactados y otros con consignaci\u00f3n presupuestaria para su redacci\u00f3n adem\u00e1s de la ampliaci\u00f3n de otro de ellos.<\/p>\n\n\n\n<p>En este sentido, para 2022 el gobierno municipal sacar\u00e1 a licitaci\u00f3n la construcci\u00f3n del parking de Los Santos que afecta a un \u00e1rea de influencia de 103.000 metros cuadrados y se dividir\u00e1 en tres plantas con 364 plazas y un montante aproximado de salida a concurso p\u00fablico de casi 15 millones de euros que se financiar\u00e1n entre el presupuesto ordinario y las modificaciones presupuestarias pertinentes. \u201cEsta zona tiene una demanda enorme de aparcamiento porque hablamos de pisos que no cuentan, en su mayor\u00eda, con cocheras, adem\u00e1s de la enorme afluencia de p\u00fablico que supone el hecho de tener tan cerca el Centro de Salud de Las Lagunas y el centro de Servicios Sociales y la Universidad Popular\u201d, asegura el edil quien a\u00f1ade que \u201ctambi\u00e9n se va a licitar la redacci\u00f3n de los proyectos de tres nuevos aparcamientos, uno en la zona de Do\u00f1a Ermita, otro en Las Ca\u00f1adas y otro, precisamente, en el \u00e1rea Servicios Sociales para reforzar el de Los Santos y la gran demanda que hay en el entorno del Centro de Salud\u201d.<\/p>\n\n\n\n<p>De esta manera, Mijas contar\u00e1 con los parkings de El Juncal y La Candelaria en funcionamiento en las pr\u00f3ximas semanas, tiene ya redactados los proyectos de los relativos a Fern\u00e1n Caballero, Parque de Andaluc\u00eda y Los Santos (este \u00faltimo sale a licitaci\u00f3n a corto plazo) as\u00ed como que a lo largo de 2022 se redacten los proyectos de los aparcamientos referentes a Servicios Sociales, Do\u00f1a Ermita, Las Ca\u00f1adas y Barrio de Santana. El d\u00e9cimo parking en cuesti\u00f3n es el relativo a la ampliaci\u00f3n del Virgen de la Pe\u00f1a que se encuentra a la espera del informe sectorial de Cultura pero que ya tiene el proyecto redactado y est\u00e1 listo para consignar presupuesto y edificar una vez de el visto bueno la administraci\u00f3n regional. &nbsp;<\/p>\n\n\n\n<p>\u201cLos vecinos van a sentir un verdadero alivio a la hora de llegar a sus hogares y poder aparcar con facilidad as\u00ed como para realizar sus compras o tr\u00e1mites en todos los puntos en los que existe la falta acusada de estacionamientos\u201d, concluye el concejal.<\/p>\n","protected":false},"excerpt":{"rendered":"<p>El \u00e1rea de Infraestructuras y Obras, coordinada por el edil Jos\u00e9 Carlos Mart\u00edn, ha planteado diez aparcamientos p\u00fablicos en los \u00faltimos casi seis a\u00f1os algunos de los cuales est\u00e1n ejecutados, otros con los proyectos redactados y otros con consignaci\u00f3n presupuestaria para su redacci\u00f3n adem\u00e1s de uno esperando informe sectorial para su ampliaci\u00f3n Mijas, 29 de [&hellip;]<\/p>\n","protected":false},"author":9,"featured_media":44225,"comment_status":"closed","ping_status":"open","sticky":false,"template":"","format":"standard","meta":[],"categories":[1,19],"tags":[],"jetpack_featured_media_url":"https:\/\/www.mijas.es\/wp-content\/uploads\/2021\/11\/20211029-PARKINGS.-JOSE-CARLOS-MARTIN.jpeg","_links":{"self":[{"href":"https:\/\/www.mijas.es\/portal\/wp-json\/wp\/v2\/posts\/44233"}],"collection":[{"href":"https:\/\/www.mijas.es\/portal\/wp-json\/wp\/v2\/posts"}],"about":[{"href":"https:\/\/www.mijas.es\/portal\/wp-json\/wp\/v2\/types\/post"}],"author":[{"embeddable":true,"href":"https:\/\/www.mijas.es\/portal\/wp-json\/wp\/v2\/users\/9"}],"replies":[{"embeddable":true,"href":"https:\/\/www.mijas.es\/portal\/wp-json\/wp\/v2\/comments?post=44233"}],"version-history":[{"count":1,"href":"https:\/\/www.mijas.es\/portal\/wp-json\/wp\/v2\/posts\/44233\/revisions"}],"predecessor-version":[{"id":44234,"href":"https:\/\/www.mijas.es\/portal\/wp-json\/wp\/v2\/posts\/44233\/revisions\/44234"}],"wp:featuredmedia":[{"embeddable":true,"href":"https:\/\/www.mijas.es\/portal\/wp-json\/wp\/v2\/media\/44225"}],"wp:attachment":[{"href":"https:\/\/www.mijas.es\/portal\/wp-json\/wp\/v2\/media?parent=44233"}],"wp:term":[{"taxonomy":"category","embeddable":true,"href":"https:\/\/www.mijas.es\/portal\/wp-json\/wp\/v2\/categories?post=44233"},{"taxonomy":"post_tag","embeddable":true,"href":"https:\/\/www.mijas.es\/portal\/wp-json\/wp\/v2\/tags?post=44233"}],"curies":[{"name":"wp","href":"https:\/\/api.w.org\/{rel}","templated":true}]}}