{"id":44231,"date":"2021-11-02T13:10:33","date_gmt":"2021-11-02T12:10:33","guid":{"rendered":"https:\/\/www.mijas.es\/portal\/?p=44231"},"modified":"2021-11-02T13:10:35","modified_gmt":"2021-11-02T12:10:35","slug":"mijas-coloca-la-primera-piedra-de-las-viviendas-tuteladas-de-afesol","status":"publish","type":"post","link":"https:\/\/www.mijas.es\/portal\/mijas-coloca-la-primera-piedra-de-las-viviendas-tuteladas-de-afesol\/","title":{"rendered":"Mijas coloca la primera piedra de las viviendas tuteladas de Afesol"},"content":{"rendered":"\n<ul><li>El edificio se est\u00e1 construyendo sobre una parcela de unos 400 metros cuadrados situado en el Camino de Campanales de Las Lagunas y albergar\u00e1 hasta nueve viviendas<\/li><\/ul>\n\n\n\n<p><strong>Mijas, 29 de octubre de 2021.-<\/strong> El alcalde de Mijas, Josele Gonz\u00e1lez, as\u00ed como otros miembros de la corporaci\u00f3n municipal, han acompa\u00f1ado esta ma\u00f1ana a la presidenta de Afesol, Concha Cuevas, en la colocaci\u00f3n de la primera piedra de las obras de las viviendas tuteladas que este colectivo construir\u00e1 para personas con enfermedades mentales del municipio.<\/p>\n\n\n\n<p>\u00abEste proyecto nace por una necesidad existente dentro del colectivo que el propio Afesol nos traslad\u00f3 y que es la creaci\u00f3n de un espacio de viviendas tuteladas para que&nbsp; aquellas personas que sufren alg\u00fan tipo de enfermedad relacionada con la salud mental tengan la capacidad de ser aut\u00f3nomos, de tener un proyecto de vida sin depender en exclusiva de sus familias o seres queridos. Nos pusimos manos a la obra para buscar una parcela que se adecuara a esas necesidades y encontramos esta ubicada en el camino de Campanales, con un valor de 175.000 euros. Adem\u00e1s de la cesi\u00f3n de esta parcela, hemos colaborado desde Servicios Sociales con una aportaci\u00f3n para este proyecto de 350.000 euros\u00bb, afirma el regidor mije\u00f1o, quien ha recalcado que \u00abel ayuntamiento de Mijas estar\u00e1 desde la primera piedra hasta la \u00faltima para acompa\u00f1ar este proyecto en el que creemos firmemente\u00bb.<\/p>\n\n\n\n<p>Nueve viviendas tuteladas que se ubicar\u00e1n en el n\u00facleo de las Lagunas y que supondr\u00e1n una inversi\u00f3n en torno al mill\u00f3n de euros. \u00abServicios Sociales ha aportado 350.000 euros, lo cual es una parte muy importante de ese porcentaje necesario para poder realizar este proyecto de viviendas tuteladas, que son f\u00f3rmulas fundamentales para la autonom\u00eda de estas personas, para que pueden desarrollar una vida lo m\u00e1s normal posible y para que un futuro dejen de ser tutelados\u00bb, a\u00f1ade por su parte el concejal de Servicios Sociales, Hip\u00f3lito Zapico.<\/p>\n\n\n\n<p>Los gastos de conservaci\u00f3n y mantenimiento, los tributos que puedan recaer sobre los bienes y cualquier otro gasto vinculado al uso y disfrute de este espacio corre a cargo de la asociaci\u00f3n incluidos los de reforma y reparaci\u00f3n de cualquier \u00edndole seg\u00fan el convenio que firmaron el Ayuntamiento de Mijas y Afesol en el momento de la cesi\u00f3n del terreno donde ahora han comenzado las obras de construcci\u00f3n de estas viviendas tuteladas.<\/p>\n\n\n\n<p>Una parcela residencial, \u00abcompatible con lo que Afesol est\u00e1 construyendo\u00bb, seg\u00fan ha explicado el concejal de urbanismo, Andr\u00e9s Ruiz, quien ha puntualizado que \u00abse ha puesto en valor esta parcela con este gran proyecto que cuenta con un tiempo de ejecuci\u00f3n, en principio, de 18 meses. El patrimonio municipal tambi\u00e9n hay que distribuirlo de forma racional y equitativa para aquellas personas que no tienen las mismas oportunidades que la mayor\u00eda\u00bb.<\/p>\n\n\n\n<p>Por \u00faltimo, la presidenta de AFESOL, Concha Cuevas, ha puesto en valor c\u00f3mo est\u00e1s viviendas \u00abvan a ser sin\u00f3nimo de empezar a trabajar con ellos y de darles ese soporte social y sanitario que necesitan, pero sobre todo con ellas vuelve la esperanza a todas las familias, a las personas con problemas de salud mental y como no a esas personas, representantes p\u00fablicos, porque creen que la recuperaci\u00f3n de las personas con alg\u00fan tipo de enfermedad mental es posible. Hoy por hoy sin ayuntamientos como el de Mijas no podr\u00edamos sacarlos adelante\u00bb.<\/p>\n","protected":false},"excerpt":{"rendered":"<p>El edificio se est\u00e1 construyendo sobre una parcela de unos 400 metros cuadrados situado en el Camino de Campanales de Las Lagunas y albergar\u00e1 hasta nueve viviendas Mijas, 29 de octubre de 2021.- El alcalde de Mijas, Josele Gonz\u00e1lez, as\u00ed como otros miembros de la corporaci\u00f3n municipal, han acompa\u00f1ado esta ma\u00f1ana a la presidenta de [&hellip;]<\/p>\n","protected":false},"author":9,"featured_media":44226,"comment_status":"closed","ping_status":"open","sticky":false,"template":"","format":"standard","meta":[],"categories":[1,19],"tags":[],"jetpack_featured_media_url":"https:\/\/www.mijas.es\/wp-content\/uploads\/2021\/11\/20211029-PRIMERA-PIEDRA-AFESOL.-JOSELE-GONZALEZ-HIPOLITO-ZAPICO-Y-ANDRES-RUIZ.jpeg","_links":{"self":[{"href":"https:\/\/www.mijas.es\/portal\/wp-json\/wp\/v2\/posts\/44231"}],"collection":[{"href":"https:\/\/www.mijas.es\/portal\/wp-json\/wp\/v2\/posts"}],"about":[{"href":"https:\/\/www.mijas.es\/portal\/wp-json\/wp\/v2\/types\/post"}],"author":[{"embeddable":true,"href":"https:\/\/www.mijas.es\/portal\/wp-json\/wp\/v2\/users\/9"}],"replies":[{"embeddable":true,"href":"https:\/\/www.mijas.es\/portal\/wp-json\/wp\/v2\/comments?post=44231"}],"version-history":[{"count":1,"href":"https:\/\/www.mijas.es\/portal\/wp-json\/wp\/v2\/posts\/44231\/revisions"}],"predecessor-version":[{"id":44232,"href":"https:\/\/www.mijas.es\/portal\/wp-json\/wp\/v2\/posts\/44231\/revisions\/44232"}],"wp:featuredmedia":[{"embeddable":true,"href":"https:\/\/www.mijas.es\/portal\/wp-json\/wp\/v2\/media\/44226"}],"wp:attachment":[{"href":"https:\/\/www.mijas.es\/portal\/wp-json\/wp\/v2\/media?parent=44231"}],"wp:term":[{"taxonomy":"category","embeddable":true,"href":"https:\/\/www.mijas.es\/portal\/wp-json\/wp\/v2\/categories?post=44231"},{"taxonomy":"post_tag","embeddable":true,"href":"https:\/\/www.mijas.es\/portal\/wp-json\/wp\/v2\/tags?post=44231"}],"curies":[{"name":"wp","href":"https:\/\/api.w.org\/{rel}","templated":true}]}}