{"id":44205,"date":"2021-10-29T10:04:29","date_gmt":"2021-10-29T09:04:29","guid":{"rendered":"https:\/\/www.mijas.es\/portal\/?p=44205"},"modified":"2021-10-29T10:04:32","modified_gmt":"2021-10-29T09:04:32","slug":"los-intercambios-de-idiomas-cuentan-con-muy-buena-aco-gida-por-parte-de-los-mijenos-y-residentes-extranjeros","status":"publish","type":"post","link":"https:\/\/www.mijas.es\/portal\/los-intercambios-de-idiomas-cuentan-con-muy-buena-aco-gida-por-parte-de-los-mijenos-y-residentes-extranjeros\/","title":{"rendered":"Los intercambios de idiomas cuentan con muy buena aco-gida por parte de los mije\u00f1os y residentes extranjeros"},"content":{"rendered":"\n<ul><li>La edil responsable del \u00e1rea, Arancha L\u00f3pez, ha visitado esta ma\u00f1ana la actividad que se ha llevado a cabo en el hogar del jubilado de Las Lagunas y que ha contado con alrededor de 20 usuarios para potenciar su aprendizaje del ingl\u00e9s y espa\u00f1ol<\/li><\/ul>\n\n\n\n<p><strong>Mijas, 28 de octubre de 2021-<\/strong> La edil de Extranjeros, Arancha L\u00f3pez, ha visitado esta ma\u00f1ana el intercambio de idiomas que se ha llevado a cabo en el hogar del jubilado de Las Lagunas, tras casi un mes de pr\u00e1cticas todos los jueves. \u00abEstamos teniendo muy buena acogida en estos encuentros, pues no solo est\u00e1n aprendiendo un idioma sino que adem\u00e1s est\u00e1n descubriendo otras culturas y formas de vida. Adem\u00e1s, siempre que tienes contacto con una persona nativa no solo vas a aprender el vocabulario y la gram\u00e1tica del idioma sino tambi\u00e9n expresiones t\u00edpicas del pa\u00eds que no vas a encontrar en los libros de gram\u00e1tica, por tanto es un taller muy rico a la hora aprender el idioma\u00bb, apunta la concejala.<\/p>\n\n\n\n<p>As\u00ed pues, el departamento responsable del \u00e1rea lleva organizando estos intercambios m\u00e1s de 10 a\u00f1os y esta edici\u00f3n se lleva a cabo semanalmente en los tres n\u00facleos urbanos, los martes en Mijas Pueblo, los mi\u00e9rcoles en La Cala y los jueves en Las Lagunas, en el hogar del jubilado de cada zona, de 9:30 a 11 horas. Durante las jornadas que cuentan con alrededor de 20 participantes en cada n\u00facleo, tratan todo tipo de temas con la intenci\u00f3n de interactuar en las dos lenguas. \u00abTenemos personas de Colombia que nos explican las costumbres de su pa\u00eds y las diferencias con Espa\u00f1a e Inglaterra. Es una actividad muy social y tenemos personas desde hace a\u00f1os\u00bb, indica la coordinadora del intercambio de idiomas en Las Lagunas, Elena Attias.<\/p>\n\n\n\n<p>En este sentido, los usuarios se dividen por grupos equilibrados en diferentes mesas donde pondr\u00e1n en marcha su pr\u00e1ctica de los dos idiomas, dedicando media hora a cada uno de ellos. Cabe se\u00f1alar que en La Cala y Mijas Pueblo los nativos de habla inglesa son mayores que lo habla hispana, mientras que en Las Lagunas es al rev\u00e9s, aunque el departamento siempre intenta mantener una equidad en todos los n\u00facleos.<\/p>\n\n\n\n<p>El objetivo principal de estos encuentros es adem\u00e1s de practicar y fortalecer tanto el ingl\u00e9s como el espa\u00f1ol, tambi\u00e9n estrechar lazos de amistad entre los usuarios que viven en un mismo municipio y facilitarles las relaciones diarias entre ellos. \u00abEmpec\u00e9 hace varios a\u00f1os y es muy agradable porque es una forma muy sana de practicar ingl\u00e9s, hay personas de diferentes zonas del mundo y con diversos niveles, entonces nos relacionamos bastantes. Adem\u00e1s de compartir diferentes momentos, tenemos una relaci\u00f3n casi de amistad despu\u00e9s de tantos a\u00f1os\u00bb, explica una usuaria del taller, Charo Aguilar.<\/p>\n\n\n\n<p>Cabe destacar que Mijas cuenta con m\u00e1s de 120 nacionalidades diferentes entre sus empadronado por lo que este tipo de actividades gratuitos son fundamentales para la creaci\u00f3n de una fusi\u00f3n cultural entre todos los residentes de cada nacionalidad. \u00abDesde aqu\u00ed queremos animar a todos los vecinos que les interese aprender ingl\u00e9s o espa\u00f1ol, relativamente, pues se trata de una actividad abierta a todas las edades y de forma muy amena\u00bb, concluye L\u00f3pez.<\/p>\n","protected":false},"excerpt":{"rendered":"<p>La edil responsable del \u00e1rea, Arancha L\u00f3pez, ha visitado esta ma\u00f1ana la actividad que se ha llevado a cabo en el hogar del jubilado de Las Lagunas y que ha contado con alrededor de 20 usuarios para potenciar su aprendizaje del ingl\u00e9s y espa\u00f1ol Mijas, 28 de octubre de 2021- La edil de Extranjeros, Arancha [&hellip;]<\/p>\n","protected":false},"author":9,"featured_media":44198,"comment_status":"closed","ping_status":"open","sticky":false,"template":"","format":"standard","meta":[],"categories":[1,19],"tags":[],"jetpack_featured_media_url":"https:\/\/www.mijas.es\/wp-content\/uploads\/2021\/10\/20211028-EXTRANJEROS.-ARANCHA-LOPEZ.jpeg","_links":{"self":[{"href":"https:\/\/www.mijas.es\/portal\/wp-json\/wp\/v2\/posts\/44205"}],"collection":[{"href":"https:\/\/www.mijas.es\/portal\/wp-json\/wp\/v2\/posts"}],"about":[{"href":"https:\/\/www.mijas.es\/portal\/wp-json\/wp\/v2\/types\/post"}],"author":[{"embeddable":true,"href":"https:\/\/www.mijas.es\/portal\/wp-json\/wp\/v2\/users\/9"}],"replies":[{"embeddable":true,"href":"https:\/\/www.mijas.es\/portal\/wp-json\/wp\/v2\/comments?post=44205"}],"version-history":[{"count":1,"href":"https:\/\/www.mijas.es\/portal\/wp-json\/wp\/v2\/posts\/44205\/revisions"}],"predecessor-version":[{"id":44206,"href":"https:\/\/www.mijas.es\/portal\/wp-json\/wp\/v2\/posts\/44205\/revisions\/44206"}],"wp:featuredmedia":[{"embeddable":true,"href":"https:\/\/www.mijas.es\/portal\/wp-json\/wp\/v2\/media\/44198"}],"wp:attachment":[{"href":"https:\/\/www.mijas.es\/portal\/wp-json\/wp\/v2\/media?parent=44205"}],"wp:term":[{"taxonomy":"category","embeddable":true,"href":"https:\/\/www.mijas.es\/portal\/wp-json\/wp\/v2\/categories?post=44205"},{"taxonomy":"post_tag","embeddable":true,"href":"https:\/\/www.mijas.es\/portal\/wp-json\/wp\/v2\/tags?post=44205"}],"curies":[{"name":"wp","href":"https:\/\/api.w.org\/{rel}","templated":true}]}}