{"id":44203,"date":"2021-10-29T10:03:45","date_gmt":"2021-10-29T09:03:45","guid":{"rendered":"https:\/\/www.mijas.es\/portal\/?p=44203"},"modified":"2021-10-29T10:03:47","modified_gmt":"2021-10-29T09:03:47","slug":"mijas-se-suma-a-la-celebracion-del-40-aniversario-de-la-federacion-espanola-de-municipios-y-provincias","status":"publish","type":"post","link":"https:\/\/www.mijas.es\/portal\/mijas-se-suma-a-la-celebracion-del-40-aniversario-de-la-federacion-espanola-de-municipios-y-provincias\/","title":{"rendered":"Mijas se suma a la celebraci\u00f3n del 40 aniversario de la Federaci\u00f3n Espa\u00f1ola de Municipios y Provincias"},"content":{"rendered":"\n<ul><li>El alcalde de Mijas, Josele Gonz\u00e1lez, ha asistido este jueves al encuentro municipalista celebrado en el Palacio de Congresos de Torremolinos, donde ha reivindicado el papel de los ayuntamientos como administraci\u00f3n \u201cimprescindible\u201d<\/li><\/ul>\n\n\n\n<p><strong>Mijas, 28 de octubre de 2021.-<\/strong> El Palacio de Congresos de Torremolinos ha acogido este jueves un encuentro municipalista con motivo del 40\u00ba aniversario de la Federaci\u00f3n Espa\u00f1ola de Municipios y Provincias (FEMP). Mesas de debate y presentaciones de buenas pr\u00e1cticas a las que ha acudido el alcalde de Mijas, Josele Gonz\u00e1lez.<\/p>\n\n\n\n<p>\u201cEs una oportunidad magn\u00edfica no solo para celebrar el 40 aniversario de la FEMP sino tambi\u00e9n para que alcaldes y alcaldesas, concejales y concejalas, pongamos en com\u00fan el municipalismo y reivindiquemos la importancia de los ayuntamientos como la administraci\u00f3n m\u00e1s cercana al ciudadano. Una administraci\u00f3n absolutamente imprescindible que ha estado al pie del ca\u00f1\u00f3n desde el minuto uno de la pandemia y que sigue siendo a d\u00eda de hoy la primera puerta a la que tocan los vecinos cuando necesitan ayuda\u201d, afirma el regidor mije\u00f1o.<\/p>\n\n\n\n<p>El futuro del municipalismo, las haciendas locales, los fondos europeos, la agenda urbana, la despoblaci\u00f3n o el turismo vertebran unas jornadas en la que han estado presentes el presidente de la FEMP, Abel Caballero, o el presidente de la Diputaci\u00f3n de M\u00e1laga, Francisco Salado.<\/p>\n\n\n\n<p>\u201cHoy estamos poniendo en com\u00fan problemas que nos afectan a todos y poniendo en valor aquellas pol\u00edticas que pueden servir de buenas pr\u00e1cticas para el conjunto de los ayuntamientos del pa\u00eds, destacando a aquellos consistorios que han sabido hacer las cosas bien en diferentes materias. Y Mijas es un ejemplo de ello\u201d, concluye Gonz\u00e1lez.&nbsp;<\/p>\n","protected":false},"excerpt":{"rendered":"<p>El alcalde de Mijas, Josele Gonz\u00e1lez, ha asistido este jueves al encuentro municipalista celebrado en el Palacio de Congresos de Torremolinos, donde ha reivindicado el papel de los ayuntamientos como administraci\u00f3n \u201cimprescindible\u201d Mijas, 28 de octubre de 2021.- El Palacio de Congresos de Torremolinos ha acogido este jueves un encuentro municipalista con motivo del 40\u00ba [&hellip;]<\/p>\n","protected":false},"author":9,"featured_media":44197,"comment_status":"closed","ping_status":"open","sticky":false,"template":"","format":"standard","meta":[],"categories":[1,19],"tags":[],"jetpack_featured_media_url":"https:\/\/www.mijas.es\/wp-content\/uploads\/2021\/10\/20211028-ENCUENTRO-FEMP.jpeg","_links":{"self":[{"href":"https:\/\/www.mijas.es\/portal\/wp-json\/wp\/v2\/posts\/44203"}],"collection":[{"href":"https:\/\/www.mijas.es\/portal\/wp-json\/wp\/v2\/posts"}],"about":[{"href":"https:\/\/www.mijas.es\/portal\/wp-json\/wp\/v2\/types\/post"}],"author":[{"embeddable":true,"href":"https:\/\/www.mijas.es\/portal\/wp-json\/wp\/v2\/users\/9"}],"replies":[{"embeddable":true,"href":"https:\/\/www.mijas.es\/portal\/wp-json\/wp\/v2\/comments?post=44203"}],"version-history":[{"count":1,"href":"https:\/\/www.mijas.es\/portal\/wp-json\/wp\/v2\/posts\/44203\/revisions"}],"predecessor-version":[{"id":44204,"href":"https:\/\/www.mijas.es\/portal\/wp-json\/wp\/v2\/posts\/44203\/revisions\/44204"}],"wp:featuredmedia":[{"embeddable":true,"href":"https:\/\/www.mijas.es\/portal\/wp-json\/wp\/v2\/media\/44197"}],"wp:attachment":[{"href":"https:\/\/www.mijas.es\/portal\/wp-json\/wp\/v2\/media?parent=44203"}],"wp:term":[{"taxonomy":"category","embeddable":true,"href":"https:\/\/www.mijas.es\/portal\/wp-json\/wp\/v2\/categories?post=44203"},{"taxonomy":"post_tag","embeddable":true,"href":"https:\/\/www.mijas.es\/portal\/wp-json\/wp\/v2\/tags?post=44203"}],"curies":[{"name":"wp","href":"https:\/\/api.w.org\/{rel}","templated":true}]}}