{"id":44201,"date":"2021-10-29T10:02:44","date_gmt":"2021-10-29T09:02:44","guid":{"rendered":"https:\/\/www.mijas.es\/portal\/?p=44201"},"modified":"2021-10-29T10:02:46","modified_gmt":"2021-10-29T09:02:46","slug":"el-festival-de-cine-de-montana-encara-su-recta-final-con-conferencias-y-un-curso-sobre-la-sierra-de-mijas","status":"publish","type":"post","link":"https:\/\/www.mijas.es\/portal\/el-festival-de-cine-de-montana-encara-su-recta-final-con-conferencias-y-un-curso-sobre-la-sierra-de-mijas\/","title":{"rendered":"El Festival de Cine de Monta\u00f1a encara su recta final con conferencias y un curso sobre la Sierra de Mijas"},"content":{"rendered":"\n<ul><li>Este certamen se celebra en el Teatro Las Lagunas bajo el paraguas del Banff Mountain Film Festival de Canad\u00e1, que ha elegido a Mijas como su primera sede andaluza<\/li><\/ul>\n\n\n\n<p><strong>Mijas, 28 de octubre de 2021.-<\/strong> La primera edici\u00f3n del Festival de Cine de Monta\u00f1a de Mijas encara su recta final. Este certamen, que se celebra bajo el paraguas del prestigioso Banff Mountain Film Festival de Canad\u00e1, llega a su \u00faltimo fin de semana con numerosas conferencias, la proyecci\u00f3n de un documental y un curso que permitir\u00e1 a sus participantes conocer mejor la Sierra de Mijas.<\/p>\n\n\n\n<p>La jornada del viernes dar\u00e1 comienzo a las 18 horas con la conferencia \u00abParajes naturales del torcal y el desfiladero de los gaitanes (El Chorro)\u00bb, impartida por Juan Ignacio Amador Tobaja. A las 18:45 ser\u00e1 el turno de la conferencia \u00abSierra de las nieves: un nuevo parque nacional para la provincia de M\u00e1laga\u00bb, que finalmente no ser\u00e1 impartida por Rafael Flores Dom\u00ednguez. En su lugar acudir\u00e1 Carlos Guerrero Barrag\u00e1n, que tiene una amplia experiencia profesional como docente relacionada con el medio ambiente, la se\u00f1alizaci\u00f3n de senderos en distintos pueblos de M\u00e1laga y su labor como director de las escuelas Taller Poblado Nazar\u00ed. Igualmente, la presentaci\u00f3n de \u00abRelatos monta\u00f1eros desde el confinamiento. An\u00e9cdotas y confesiones de un apasionado de las monta\u00f1as\u00bb se pospone.<\/p>\n\n\n\n<p>No obstante, el viernes cerrar\u00e1 la jornada por todo lo alto con el documental \u00abM\u00e1laga interior, un universo por descubrir\u00bb, a las 20:15 horas. Esta proyecci\u00f3n contar\u00e1 con la presencia de Juan Carlos Chavarr\u00eda.<\/p>\n\n\n\n<p>El festival se despedir\u00e1 el fin de semana con el curso \u00abAproximaci\u00f3n al conocimiento de la Sierra de Mijas\u00bb, impartido por la doctora en zoolog\u00eda evolutiva Mar\u00eda Jes\u00fas S\u00e1nchez-Herr\u00e1iz. Este taller se impartir\u00e1 en dos d\u00edas: el s\u00e1bado, de 10 a 2 de la tarde, centrado en el marco paleontol\u00f3gico; y el domingo, en el mismo horario, que tratar\u00e1 sobre la herpetofauna. Todas estas actividades tienen como epicentro el Teatro las Lagunas.&nbsp;<\/p>\n\n\n\n<p>El Banff Mountain Film Festival es un prestigioso festival de monta\u00f1a que se celebra todos los a\u00f1os en Canad\u00e1 y que ha elegido este a\u00f1o a Mijas como primera sede andaluza para traer una programaci\u00f3n cargada de documentales, conferencias, cursos o exposiciones en torno a esta tem\u00e1tica y donde la Sierra de Mijas ha tenido un papel clave. Este certamen, puesto en marcha por el Ayuntamiento de Mijas y QSDglobal, se ha celebrado en memoria del desaparecido Juan Antonio G\u00f3mez Alarc\u00f3n.&nbsp; &nbsp;<\/p>\n","protected":false},"excerpt":{"rendered":"<p>Este certamen se celebra en el Teatro Las Lagunas bajo el paraguas del Banff Mountain Film Festival de Canad\u00e1, que ha elegido a Mijas como su primera sede andaluza Mijas, 28 de octubre de 2021.- La primera edici\u00f3n del Festival de Cine de Monta\u00f1a de Mijas encara su recta final. Este certamen, que se celebra [&hellip;]<\/p>\n","protected":false},"author":9,"featured_media":44199,"comment_status":"closed","ping_status":"open","sticky":false,"template":"","format":"standard","meta":[],"categories":[1,19],"tags":[],"jetpack_featured_media_url":"https:\/\/www.mijas.es\/wp-content\/uploads\/2021\/10\/20211028-FESTIVAL-CINE-MONTANA-MIJAS.jpeg","_links":{"self":[{"href":"https:\/\/www.mijas.es\/portal\/wp-json\/wp\/v2\/posts\/44201"}],"collection":[{"href":"https:\/\/www.mijas.es\/portal\/wp-json\/wp\/v2\/posts"}],"about":[{"href":"https:\/\/www.mijas.es\/portal\/wp-json\/wp\/v2\/types\/post"}],"author":[{"embeddable":true,"href":"https:\/\/www.mijas.es\/portal\/wp-json\/wp\/v2\/users\/9"}],"replies":[{"embeddable":true,"href":"https:\/\/www.mijas.es\/portal\/wp-json\/wp\/v2\/comments?post=44201"}],"version-history":[{"count":1,"href":"https:\/\/www.mijas.es\/portal\/wp-json\/wp\/v2\/posts\/44201\/revisions"}],"predecessor-version":[{"id":44202,"href":"https:\/\/www.mijas.es\/portal\/wp-json\/wp\/v2\/posts\/44201\/revisions\/44202"}],"wp:featuredmedia":[{"embeddable":true,"href":"https:\/\/www.mijas.es\/portal\/wp-json\/wp\/v2\/media\/44199"}],"wp:attachment":[{"href":"https:\/\/www.mijas.es\/portal\/wp-json\/wp\/v2\/media?parent=44201"}],"wp:term":[{"taxonomy":"category","embeddable":true,"href":"https:\/\/www.mijas.es\/portal\/wp-json\/wp\/v2\/categories?post=44201"},{"taxonomy":"post_tag","embeddable":true,"href":"https:\/\/www.mijas.es\/portal\/wp-json\/wp\/v2\/tags?post=44201"}],"curies":[{"name":"wp","href":"https:\/\/api.w.org\/{rel}","templated":true}]}}