{"id":44194,"date":"2021-10-28T10:52:02","date_gmt":"2021-10-28T09:52:02","guid":{"rendered":"https:\/\/www.mijas.es\/portal\/?p=44194"},"modified":"2021-10-28T10:52:04","modified_gmt":"2021-10-28T09:52:04","slug":"mijas-da-luz-verde-a-la-modificacion-de-la-ordenanza-de-ayudas-a-personas-con-diversidad-funcional","status":"publish","type":"post","link":"https:\/\/www.mijas.es\/portal\/mijas-da-luz-verde-a-la-modificacion-de-la-ordenanza-de-ayudas-a-personas-con-diversidad-funcional\/","title":{"rendered":"Mijas da luz verde a la modificaci\u00f3n de la Ordenanza de ayudas a personas con diversidad funcional"},"content":{"rendered":"\n<ul><li>Este nuevo texto ha sido consensuado con ADIMI y busca dar m\u00e1s apoyo a aquellas personas con mayor grado de discapacidad o dependencia\u00a0<\/li><\/ul>\n\n\n\n<p><strong>Mijas, 28 de octubre de 2021.-<\/strong> El Ayuntamiento de Mijas ha dado luz verde este mi\u00e9rcoles en pleno ordinario a la aprobaci\u00f3n definitiva de la modificaci\u00f3n de la Ordenanza reguladora para la concesi\u00f3n de ayudas a personas con diversidad funcional. Este texto ha recibido cuatro alegaciones, de las cuales una de ellas se ha aceptado, relativa a su lenguaje inclusivo.<\/p>\n\n\n\n<p>\u00abEra una ordenanza que necesitaba actualizarse y que incluye, entre otras novedades, la ampliaci\u00f3n de las subvenciones m\u00ednimas y m\u00e1ximas para que sean unas ayudas m\u00e1s acordes a la realidad existente en estas familias, una realidad que precisamente nos ha ido marcando ADIMI, con el que hemos gestionado esta modificaci\u00f3n\u00bb, afirma el regidor mije\u00f1o, Josele Gonz\u00e1lez, quien ha querido subrayar que \u00abayudas como estas no se dan en todos los ayuntamientos\u00bb.<\/p>\n\n\n\n<p>La nueva ordenanza recoge el pago \u00fanico de estas ayudas, as\u00ed como la cuant\u00eda m\u00e1xima de la ayuda a otorgar por unidad familiar que ser\u00e1 del 45% del IPREM anual a 12 meses vigentes. As\u00ed, la ayuda con menos puntuaci\u00f3n, con un 25% del IPREM, ser\u00e1 de 1.694 euros; el segundo tramo del 35% del IPREM recibir\u00eda 2.3752 euros; y el \u00faltimo tramo del 45% del IPREM supondr\u00eda 3.050 euros. Tambi\u00e9n se ha modificado el grado de discapacidad que deber\u00e1n de tener los beneficiarios de esta ayuda, siendo igual o superior al 45% en el caso de los adultos y de un 33% para los menores de 18 a\u00f1os.<\/p>\n\n\n\n<p>\u00abEl esp\u00edritu de la modificaci\u00f3n de los baremos de esta ordenanza no es otro que dar m\u00e1s apoyo a aquellas personas que tengan m\u00e1s grado de discapacidad o dependencia\u00bb, ha afirmado por su parte el concejal de Servicios Sociales, Hip\u00f3lito Zapico.<\/p>\n\n\n\n<p>Esta modificaci\u00f3n de la Ordenanza reguladora para la concesi\u00f3n de ayudas a personas con diversidad funcional ha sido aprobada de forma definitiva con los apoyos de PSOE y Ciudadanos, el voto en contra del Partido Popular y la abstenci\u00f3n de los concejales no adscritos.<\/p>\n","protected":false},"excerpt":{"rendered":"<p>Este nuevo texto ha sido consensuado con ADIMI y busca dar m\u00e1s apoyo a aquellas personas con mayor grado de discapacidad o dependencia\u00a0 Mijas, 28 de octubre de 2021.- El Ayuntamiento de Mijas ha dado luz verde este mi\u00e9rcoles en pleno ordinario a la aprobaci\u00f3n definitiva de la modificaci\u00f3n de la Ordenanza reguladora para la [&hellip;]<\/p>\n","protected":false},"author":9,"featured_media":44190,"comment_status":"closed","ping_status":"open","sticky":false,"template":"","format":"standard","meta":[],"categories":[1,19],"tags":[],"jetpack_featured_media_url":"https:\/\/www.mijas.es\/wp-content\/uploads\/2021\/10\/20211027-MODIFICACION-ORDENANZA-AYUDAS-DIVERSIDAD-FUNCIONAL.-JOSELE-GONZALEZ-E-HIPOLITO-ZAPICO.jpeg","_links":{"self":[{"href":"https:\/\/www.mijas.es\/portal\/wp-json\/wp\/v2\/posts\/44194"}],"collection":[{"href":"https:\/\/www.mijas.es\/portal\/wp-json\/wp\/v2\/posts"}],"about":[{"href":"https:\/\/www.mijas.es\/portal\/wp-json\/wp\/v2\/types\/post"}],"author":[{"embeddable":true,"href":"https:\/\/www.mijas.es\/portal\/wp-json\/wp\/v2\/users\/9"}],"replies":[{"embeddable":true,"href":"https:\/\/www.mijas.es\/portal\/wp-json\/wp\/v2\/comments?post=44194"}],"version-history":[{"count":1,"href":"https:\/\/www.mijas.es\/portal\/wp-json\/wp\/v2\/posts\/44194\/revisions"}],"predecessor-version":[{"id":44195,"href":"https:\/\/www.mijas.es\/portal\/wp-json\/wp\/v2\/posts\/44194\/revisions\/44195"}],"wp:featuredmedia":[{"embeddable":true,"href":"https:\/\/www.mijas.es\/portal\/wp-json\/wp\/v2\/media\/44190"}],"wp:attachment":[{"href":"https:\/\/www.mijas.es\/portal\/wp-json\/wp\/v2\/media?parent=44194"}],"wp:term":[{"taxonomy":"category","embeddable":true,"href":"https:\/\/www.mijas.es\/portal\/wp-json\/wp\/v2\/categories?post=44194"},{"taxonomy":"post_tag","embeddable":true,"href":"https:\/\/www.mijas.es\/portal\/wp-json\/wp\/v2\/tags?post=44194"}],"curies":[{"name":"wp","href":"https:\/\/api.w.org\/{rel}","templated":true}]}}