{"id":44192,"date":"2021-10-28T10:44:42","date_gmt":"2021-10-28T09:44:42","guid":{"rendered":"https:\/\/www.mijas.es\/portal\/?p=44192"},"modified":"2021-10-28T10:44:45","modified_gmt":"2021-10-28T09:44:45","slug":"la-escuela-municipal-de-energia-de-mijas-imparte-este-viernes-29-de-octubre-una-ponencia-sobre-comunidades-energeticas","status":"publish","type":"post","link":"https:\/\/www.mijas.es\/portal\/la-escuela-municipal-de-energia-de-mijas-imparte-este-viernes-29-de-octubre-una-ponencia-sobre-comunidades-energeticas\/","title":{"rendered":"La Escuela Municipal de Energ\u00eda de Mijas imparte este viernes 29 de octubre una ponencia sobre Comunidades Energ\u00e9ticas"},"content":{"rendered":"\n<ul><li>El edil de responsable del \u00e1rea, Jos\u00e9 Carlos Mart\u00edn, ha anunciado esta ma\u00f1ana que la charla viene de la mano del secretario del Instituto de Dom\u00f3tica y Eficiencia Energ\u00e9tica, Rafael Guzm\u00e1n, a partir de las 9:30 horas a trav\u00e9s del Facebook de Mijas Comunicaci\u00f3n<\/li><\/ul>\n\n\n\n<p><strong>Mijas, 27 de octubre de 2021.-<\/strong> El edil de Eficiencia Energ\u00e9tica, Jos\u00e9 Carlos Mart\u00edn, ha anunciado esta ma\u00f1ana la d\u00e9cima jornada correspondiente al mes de octubre dentro del ciclo de conferencias organizadas por la Escuela Municipal de Energ\u00eda en Mijas (EME). En este caso, la ponencia se llevar\u00e1 a cabo el pr\u00f3ximo viernes 29 a las 9:30 horas a trav\u00e9s del Facebook de Mijas Comunicacion y tratar\u00e1 sobre las comunidades energ\u00e9ticas. \u00abEstamos ante una transici\u00f3n energ\u00e9tica y nos estamos viendo obligados a aprovechar cada informaci\u00f3n y conocimiento de la misma, por lo que este tipo de conferencias nos ayuda a implicarnos a\u00fan m\u00e1s en las energ\u00edas renovables que son primordiales a d\u00eda de hoy\u00bb, apunta el concejal.<\/p>\n\n\n\n<p>As\u00ed pues, la charla vendr\u00e1 de la mano del secretario del Instituto de Dom\u00f3tica y Eficiencia Energ\u00e9tica y Catedr\u00e1tico de la Universidad de M\u00e1laga, Rafael Guzm\u00e1n, quien expondr\u00e1 ejemplos de autoconsumo en comunidades energ\u00e9ticas ya existentes en zonas de lucha contra la pobreza energ\u00e9tica, o en pol\u00edgonos industriales donde el horario de generaci\u00f3n coincide con el horario de consumo.<\/p>\n\n\n\n<p>En este sentido, el contexto energ\u00e9tico actual conlleva a que las administraciones, empresas y los propios ciudadanos se impliquen en el desarrollo de esta materia para permitir el paso de un sistema centralizado basado en energ\u00edas contaminantes a un sistema ramificado en el que la producci\u00f3n es m\u00e1s cercana al consumo y basado en las energ\u00edas renovables. Cabe se\u00f1alar que los principales objetivos por parte de los controladores de este tipo de energ\u00eda es ofrecer beneficios medioambientales y sociales a sus miembros.<\/p>\n\n\n\n<p>En definitiva, se trata de una conferencia que cumple con los objetivos con los que surgi\u00f3 la EME, una campa\u00f1a de formaci\u00f3n encaminada al ahorro en la eficiencia energ\u00e9tica tanto en hogares como en empresas y administraciones. \u00abNuestro objetivo principal de cara a estas jornadas efectuadas cada mes es la reducci\u00f3n del consumo energ\u00e9tico en nuestra localidad por parte de toda la poblaci\u00f3n. Por ello llevamos a cabo diversos temas a tratar de forma voluntaria para que todos los interesados en esta materia puedan adquirir mayores conocimientos y, de esta forma, conseguir este objetivo\u00bb, concluye Mart\u00edn.<\/p>\n","protected":false},"excerpt":{"rendered":"<p>El edil de responsable del \u00e1rea, Jos\u00e9 Carlos Mart\u00edn, ha anunciado esta ma\u00f1ana que la charla viene de la mano del secretario del Instituto de Dom\u00f3tica y Eficiencia Energ\u00e9tica, Rafael Guzm\u00e1n, a partir de las 9:30 horas a trav\u00e9s del Facebook de Mijas Comunicaci\u00f3n Mijas, 27 de octubre de 2021.- El edil de Eficiencia Energ\u00e9tica, [&hellip;]<\/p>\n","protected":false},"author":9,"featured_media":44189,"comment_status":"closed","ping_status":"open","sticky":false,"template":"","format":"standard","meta":[],"categories":[1,19],"tags":[],"jetpack_featured_media_url":"https:\/\/www.mijas.es\/wp-content\/uploads\/2021\/10\/20211027-EFICIENCIA-ENERGETICA.-JOSE-CARLOS-MARTIN.jpeg","_links":{"self":[{"href":"https:\/\/www.mijas.es\/portal\/wp-json\/wp\/v2\/posts\/44192"}],"collection":[{"href":"https:\/\/www.mijas.es\/portal\/wp-json\/wp\/v2\/posts"}],"about":[{"href":"https:\/\/www.mijas.es\/portal\/wp-json\/wp\/v2\/types\/post"}],"author":[{"embeddable":true,"href":"https:\/\/www.mijas.es\/portal\/wp-json\/wp\/v2\/users\/9"}],"replies":[{"embeddable":true,"href":"https:\/\/www.mijas.es\/portal\/wp-json\/wp\/v2\/comments?post=44192"}],"version-history":[{"count":1,"href":"https:\/\/www.mijas.es\/portal\/wp-json\/wp\/v2\/posts\/44192\/revisions"}],"predecessor-version":[{"id":44193,"href":"https:\/\/www.mijas.es\/portal\/wp-json\/wp\/v2\/posts\/44192\/revisions\/44193"}],"wp:featuredmedia":[{"embeddable":true,"href":"https:\/\/www.mijas.es\/portal\/wp-json\/wp\/v2\/media\/44189"}],"wp:attachment":[{"href":"https:\/\/www.mijas.es\/portal\/wp-json\/wp\/v2\/media?parent=44192"}],"wp:term":[{"taxonomy":"category","embeddable":true,"href":"https:\/\/www.mijas.es\/portal\/wp-json\/wp\/v2\/categories?post=44192"},{"taxonomy":"post_tag","embeddable":true,"href":"https:\/\/www.mijas.es\/portal\/wp-json\/wp\/v2\/tags?post=44192"}],"curies":[{"name":"wp","href":"https:\/\/api.w.org\/{rel}","templated":true}]}}