{"id":44175,"date":"2021-10-27T09:59:07","date_gmt":"2021-10-27T08:59:07","guid":{"rendered":"https:\/\/www.mijas.es\/portal\/?p=44175"},"modified":"2021-10-27T09:59:09","modified_gmt":"2021-10-27T08:59:09","slug":"comienzan-las-obras-para-separar-la-red-de-saneamiento-de-la-calle-virgen-de-la-concepcion-en-la-zona-del-juncal","status":"publish","type":"post","link":"https:\/\/www.mijas.es\/portal\/comienzan-las-obras-para-separar-la-red-de-saneamiento-de-la-calle-virgen-de-la-concepcion-en-la-zona-del-juncal\/","title":{"rendered":"Comienzan las obras para separar la red de saneamiento de la calle Virgen de la Concepci\u00f3n en la zona del Juncal"},"content":{"rendered":"\n<ul><li>El edil de Servicios Operativos e Infraestructura, Jos\u00e9 Carlos Mart\u00edn, ha anunciado que se proceder\u00e1 a la instalaci\u00f3n de dos tuber\u00edas de 400, una para la red de pluviales y otra para la de fecales, y evitar de esta forma los problemas de sobrecarga y olor en dicha zona<\/li><\/ul>\n\n\n\n<p><strong>Mijas, 26 de octubre de 2021.-<\/strong> El edil de Servicios Operativos e Infraestructuras, Jos\u00e9 Carlos Mart\u00edn, ha anunciado esta ma\u00f1ana que comienzan las obras de remodelaci\u00f3n de las redes de pluviales y fecales de la calle Virgen de la Concepci\u00f3n en la zona del Juncal en Las Lagunas. \u00abHace unos a\u00f1os lo hicimos en la calle Virgen de la Paz y R\u00edo Darro, y nos quedaba este punto negro en la zona que es donde vamos a actuar ahora. Estamos ejecutando una res separatista, tanto de pluviales como de fecales, que ahora mismo es unitaria la red y est\u00e1 generan muchos problemas de sobrecarga y, en verano, producen olores\u00bb, apunta el concejal.<\/p>\n\n\n\n<p>En este sentido, los operarios van a proceder a la sustituci\u00f3n de la tuber\u00eda \u00fanica por dos de 400, una para las fecales y otra para las pluviales. Se trata de una actuaci\u00f3n importante con una inversi\u00f3n de 138.000 euros con cargo al canon del agua de Acosol en estos trabajos, y un plazo de ejecuci\u00f3n de 3 meses. Una vez finalicen las obras se va a solventar el \u00faltimo punto negro que quedaba en esta barriada del n\u00facleo lagunero.<\/p>\n\n\n\n<p>As\u00ed pues, la circulaci\u00f3n del tr\u00e1fico durante los meses de trabajos se ver\u00e1n afectados de forma puntual, pues dependiendo de los tramos de ejecuci\u00f3n los viales tanto actuados como los anexos quedar\u00e1n cerrados en secuencia, siendo la calle Virgen de la Concepci\u00f3n la m\u00e1s afectada. \u00abNo vamos a cerrar el tr\u00e1fico los tres meses sino que lo haremos conforme a las zonas que vayan trabajando, pero siempre intentando ocasionar el m\u00ednimo de problemas posible\u00bb, apunta Mart\u00edn.<\/p>\n\n\n\n<p>En definitiva, a partir de esta actuaci\u00f3n esta zona contar\u00e1 con una red de mayor tama\u00f1o y m\u00e1s dimensional con una acometida totalmente nueva, por lo que va a quedar en perfecto funcionamiento y las lluvias no ocasionar\u00e1n ning\u00fan tipo de problema ni puntos negros de inundaci\u00f3n.<\/p>\n","protected":false},"excerpt":{"rendered":"<p>El edil de Servicios Operativos e Infraestructura, Jos\u00e9 Carlos Mart\u00edn, ha anunciado que se proceder\u00e1 a la instalaci\u00f3n de dos tuber\u00edas de 400, una para la red de pluviales y otra para la de fecales, y evitar de esta forma los problemas de sobrecarga y olor en dicha zona Mijas, 26 de octubre de 2021.- [&hellip;]<\/p>\n","protected":false},"author":9,"featured_media":44169,"comment_status":"closed","ping_status":"open","sticky":false,"template":"","format":"standard","meta":[],"categories":[1,19],"tags":[],"jetpack_featured_media_url":"https:\/\/www.mijas.es\/wp-content\/uploads\/2021\/10\/20211026-SSOO.-JOSE-CARLOS-MARTIN.jpeg","_links":{"self":[{"href":"https:\/\/www.mijas.es\/portal\/wp-json\/wp\/v2\/posts\/44175"}],"collection":[{"href":"https:\/\/www.mijas.es\/portal\/wp-json\/wp\/v2\/posts"}],"about":[{"href":"https:\/\/www.mijas.es\/portal\/wp-json\/wp\/v2\/types\/post"}],"author":[{"embeddable":true,"href":"https:\/\/www.mijas.es\/portal\/wp-json\/wp\/v2\/users\/9"}],"replies":[{"embeddable":true,"href":"https:\/\/www.mijas.es\/portal\/wp-json\/wp\/v2\/comments?post=44175"}],"version-history":[{"count":1,"href":"https:\/\/www.mijas.es\/portal\/wp-json\/wp\/v2\/posts\/44175\/revisions"}],"predecessor-version":[{"id":44176,"href":"https:\/\/www.mijas.es\/portal\/wp-json\/wp\/v2\/posts\/44175\/revisions\/44176"}],"wp:featuredmedia":[{"embeddable":true,"href":"https:\/\/www.mijas.es\/portal\/wp-json\/wp\/v2\/media\/44169"}],"wp:attachment":[{"href":"https:\/\/www.mijas.es\/portal\/wp-json\/wp\/v2\/media?parent=44175"}],"wp:term":[{"taxonomy":"category","embeddable":true,"href":"https:\/\/www.mijas.es\/portal\/wp-json\/wp\/v2\/categories?post=44175"},{"taxonomy":"post_tag","embeddable":true,"href":"https:\/\/www.mijas.es\/portal\/wp-json\/wp\/v2\/tags?post=44175"}],"curies":[{"name":"wp","href":"https:\/\/api.w.org\/{rel}","templated":true}]}}