{"id":44173,"date":"2021-10-27T09:58:09","date_gmt":"2021-10-27T08:58:09","guid":{"rendered":"https:\/\/www.mijas.es\/portal\/?p=44173"},"modified":"2021-10-27T09:58:11","modified_gmt":"2021-10-27T08:58:11","slug":"mijas-publica-la-lista-provisional-de-beneficiaros-de-las-ayudas-a-personas-con-diversidad-funcional-2021","status":"publish","type":"post","link":"https:\/\/www.mijas.es\/portal\/mijas-publica-la-lista-provisional-de-beneficiaros-de-las-ayudas-a-personas-con-diversidad-funcional-2021\/","title":{"rendered":"Mijas publica la lista provisional de beneficiaros de las ayudas a personas con diversidad funcional 2021"},"content":{"rendered":"\n<ul><li>Junto a la convocatoria de 2020, el Consistorio mije\u00f1o ha destinado este a\u00f1o m\u00e1s de un mill\u00f3n de euros para estas familias mije\u00f1as<\/li><\/ul>\n\n\n\n<p><strong>Mijas, 26 de octubre de 2021.-<\/strong> El alcalde de Mijas, Josele Gonz\u00e1lez, y el edil de Servicios Sociales, Hip\u00f3lito Zapico, han informado esta ma\u00f1ana que la lista provisional de beneficiaros para las ayudas a personas con diversidad funcional 2021 ya ha sido publicada. En total 450 usuarios que tendr\u00e1n 10 d\u00edas para subsanar cualquier incidencia relativa a su solicitud.<\/p>\n\n\n\n<p>\u00abEste a\u00f1o, estas ayudas han tenido una especial relevancia porque no solo hemos sido capaces desde el departamento de Servicios Sociales de gestionar las ayudas de 2020 sino tambi\u00e9n de poner en funcionamiento las ayudas de 2021. Estamos hablando de una gesti\u00f3n de m\u00e1s de un mill\u00f3n de euros entre las dos convocatorias que va a parar a subvencionar directamente las terapias de estos mije\u00f1os y mije\u00f1as\u00bb, afirma Gonz\u00e1lez, quien ha recordado que el Ayuntamiento de Mijas es \u00abuno de los m\u00e1s sensibles con las necesidades que tienen estas familias, dotando presupuestariamente esa ayuda. Adem\u00e1s, en el caso de ADIMI hemos subvencionado este a\u00f1o tres proyectos diferentes por un valor de 80.000 euros, garantizando que este gran centro pueda seguir adelante\u00bb.<\/p>\n\n\n\n<p>Con una partida presupuestaria de 525.000 euros para ambas convocatorias, la de 2020 ha sido solicitada por 478 mije\u00f1os. En el caso de la convocatoria de 2021, se ha cerrado con 450 solicitudes recibidas.<\/p>\n\n\n\n<p>\u00abMe gustar\u00eda destacar el trabajo incansable que han tenido las trabajadoras sociales para sacar adelante dos convocatorias con casi mil solicitudes recibidas. Un esfuerzo importante pero por el que hemos apostado para ponernos al d\u00eda con unas ayudas que contribuir\u00e1n a paliar los gastos que estas familias tienen en terapias y material\u00bb, afirma por su parte Zapico, quien ha a\u00f1adido que \u00abla lista provisional de beneficiaros de la convocatoria de 2021 ya est\u00e1 expuesta en el tabl\u00f3n de anuncios del Ayuntamiento y tambi\u00e9n est\u00e1 colgada en la sede de los Servicios Sociales y, tras los 10 d\u00edas para subsanar, publicaremos la lista definitiva\u00bb.<\/p>\n\n\n\n<p>Por su parte, el presidente de ADIMI, Cristobal Moreno, ha querido poner el acento en que los familiares de personas con diversidad funcional \u00abno nos vemos solos gracias al Ayuntamiento de Mijas. Ese dinero nos va a venir muy bien para invertir, porque es una inversi\u00f3n en terapias. Tener un hijo o familiar con discapacidad en algunos casos condena en la pobreza a las familias y Mijas es uno de los pocos municipios que da estas ayudas\u00bb.<\/p>\n\n\n\n<p>Cabe recordar que Mijas ha modificado su Ordenanza de Ayudas a Personas con Diversidad Funcional a trav\u00e9s de un texto que ha sido consensuado con la Asociaci\u00f3n de Personas con Discapacidad de Mijas, ADIMI. En \u00e9l, se modifica su denominaci\u00f3n y se eleva la cuant\u00eda de las ayudas a personas con diversidad funcional hasta los 3.050 m\u00e1ximo. Esta nueva ordenanza pretende ayudar m\u00e1s a aquellas personas con mayor grado de discapacidad y mayor grado de dependencia.<\/p>\n","protected":false},"excerpt":{"rendered":"<p>Junto a la convocatoria de 2020, el Consistorio mije\u00f1o ha destinado este a\u00f1o m\u00e1s de un mill\u00f3n de euros para estas familias mije\u00f1as Mijas, 26 de octubre de 2021.- El alcalde de Mijas, Josele Gonz\u00e1lez, y el edil de Servicios Sociales, Hip\u00f3lito Zapico, han informado esta ma\u00f1ana que la lista provisional de beneficiaros para las [&hellip;]<\/p>\n","protected":false},"author":9,"featured_media":44170,"comment_status":"closed","ping_status":"open","sticky":false,"template":"","format":"standard","meta":[],"categories":[1,19],"tags":[],"jetpack_featured_media_url":"https:\/\/www.mijas.es\/wp-content\/uploads\/2021\/10\/20211026-VISITA-ADIMI.-JOSELE-GONZALEZ-HIPOLITO-ZAPICO.jpeg","_links":{"self":[{"href":"https:\/\/www.mijas.es\/portal\/wp-json\/wp\/v2\/posts\/44173"}],"collection":[{"href":"https:\/\/www.mijas.es\/portal\/wp-json\/wp\/v2\/posts"}],"about":[{"href":"https:\/\/www.mijas.es\/portal\/wp-json\/wp\/v2\/types\/post"}],"author":[{"embeddable":true,"href":"https:\/\/www.mijas.es\/portal\/wp-json\/wp\/v2\/users\/9"}],"replies":[{"embeddable":true,"href":"https:\/\/www.mijas.es\/portal\/wp-json\/wp\/v2\/comments?post=44173"}],"version-history":[{"count":1,"href":"https:\/\/www.mijas.es\/portal\/wp-json\/wp\/v2\/posts\/44173\/revisions"}],"predecessor-version":[{"id":44174,"href":"https:\/\/www.mijas.es\/portal\/wp-json\/wp\/v2\/posts\/44173\/revisions\/44174"}],"wp:featuredmedia":[{"embeddable":true,"href":"https:\/\/www.mijas.es\/portal\/wp-json\/wp\/v2\/media\/44170"}],"wp:attachment":[{"href":"https:\/\/www.mijas.es\/portal\/wp-json\/wp\/v2\/media?parent=44173"}],"wp:term":[{"taxonomy":"category","embeddable":true,"href":"https:\/\/www.mijas.es\/portal\/wp-json\/wp\/v2\/categories?post=44173"},{"taxonomy":"post_tag","embeddable":true,"href":"https:\/\/www.mijas.es\/portal\/wp-json\/wp\/v2\/tags?post=44173"}],"curies":[{"name":"wp","href":"https:\/\/api.w.org\/{rel}","templated":true}]}}