{"id":44171,"date":"2021-10-27T09:57:11","date_gmt":"2021-10-27T08:57:11","guid":{"rendered":"https:\/\/www.mijas.es\/portal\/?p=44171"},"modified":"2021-10-27T09:57:14","modified_gmt":"2021-10-27T08:57:14","slug":"en-marcha-un-nuevo-taller-de-risoterapia-para-los-mayores-de-mijas","status":"publish","type":"post","link":"https:\/\/www.mijas.es\/portal\/en-marcha-un-nuevo-taller-de-risoterapia-para-los-mayores-de-mijas\/","title":{"rendered":"En marcha un nuevo taller de risoterapia para los mayores de Mijas"},"content":{"rendered":"\n<ul><li>Se impartir\u00e1 en los tres n\u00facleos del municipio un d\u00eda a la semana y las inscripciones ya est\u00e1n abiertas en el departamento de Tercera Edad<\/li><\/ul>\n\n\n\n<p><strong>Mijas, 26 de octubre de 2021.-<\/strong> La concejala de Tercera Edad, Tamara Vera, ha anunciado que a los talleres de estimulaci\u00f3n cognitiva que se imparten en la actualidad se sumar\u00e1 uno nuevo pr\u00f3ximamente: el de risoterapia, cuyas inscripciones ya est\u00e1n abiertas para los mayores de Mijas.<\/p>\n\n\n\n<p>\u00abEn principio lo llevaremos a los tres puntos de nuestro municipio, Mijas Pueblo, Las Lagunas y La Cala. Un taller que nace para que se diviertan, saquen una sonrisa, compartan sus emociones, y a la misma vez se trabaje con ellos el envejecimiento activo\u00bb, explica la edil, quien ha concretado que el plazo de inscripci\u00f3n \u00abya est\u00e1 abierto y en cuanto tengamos los primeros grupos cerrados iniciaremos el curso\u00bb.&nbsp;<\/p>\n\n\n\n<p>Este nuevo taller de risoterapia tendr\u00e1 lugar de 11.15 a 12.15 en el hogar del jubilado de Las Lagunas, los viernes; en el hogar del jubilado de Mijas Pueblo, los martes; y en el centro de mayores de La Cala, los mi\u00e9rcoles. Las inscripciones podr\u00e1n formalizarse en cualquiera de las dependencias municipales de Tercera Edad.<\/p>\n\n\n\n<p>Cabe recordar que este taller se suma al de estimulaci\u00f3n cognitiva. \u00abEs lo que venimos conociendo como talleres de memoria, que se mantienen en el tiempo dado que tienen much\u00edsima demanda. En estos momentos, m\u00e1s de 70 mayores disfrutan de \u00e9l no solo en los tres hogares del jubilado, tambi\u00e9n en el Centro C\u00edvico de Las Ca\u00f1adas. Es por ello que animo desde aqu\u00ed a todos los mayores que a\u00fan no se hayan apuntado a que lo hagan o simplemente que lo prueben\u00bb, a\u00f1ade Vera.<\/p>\n\n\n\n<p>En Mijas, son m\u00e1s de 5.200 las personas mayores socias de los centros de participaci\u00f3n activa (hogares del jubilado y centros de mayores del n\u00facleo de Mijas). Desde el \u00e1rea de Tercera Edad subrayan que todos estos talleres pretenden impulsar el envejecimiento activo, estimulando y promoviendo todo tipo de actividades socioculturales, ocupacionales, art\u00edsticas y recreativas, y fomentando la convivencia y participaci\u00f3n de las personas mayores.<\/p>\n","protected":false},"excerpt":{"rendered":"<p>Se impartir\u00e1 en los tres n\u00facleos del municipio un d\u00eda a la semana y las inscripciones ya est\u00e1n abiertas en el departamento de Tercera Edad Mijas, 26 de octubre de 2021.- La concejala de Tercera Edad, Tamara Vera, ha anunciado que a los talleres de estimulaci\u00f3n cognitiva que se imparten en la actualidad se sumar\u00e1 [&hellip;]<\/p>\n","protected":false},"author":9,"featured_media":44168,"comment_status":"closed","ping_status":"open","sticky":false,"template":"","format":"standard","meta":[],"categories":[1,19],"tags":[],"jetpack_featured_media_url":"https:\/\/www.mijas.es\/wp-content\/uploads\/2021\/10\/20211026-JUVENTUD.-TAMARA-VERA-.jpeg","_links":{"self":[{"href":"https:\/\/www.mijas.es\/portal\/wp-json\/wp\/v2\/posts\/44171"}],"collection":[{"href":"https:\/\/www.mijas.es\/portal\/wp-json\/wp\/v2\/posts"}],"about":[{"href":"https:\/\/www.mijas.es\/portal\/wp-json\/wp\/v2\/types\/post"}],"author":[{"embeddable":true,"href":"https:\/\/www.mijas.es\/portal\/wp-json\/wp\/v2\/users\/9"}],"replies":[{"embeddable":true,"href":"https:\/\/www.mijas.es\/portal\/wp-json\/wp\/v2\/comments?post=44171"}],"version-history":[{"count":1,"href":"https:\/\/www.mijas.es\/portal\/wp-json\/wp\/v2\/posts\/44171\/revisions"}],"predecessor-version":[{"id":44172,"href":"https:\/\/www.mijas.es\/portal\/wp-json\/wp\/v2\/posts\/44171\/revisions\/44172"}],"wp:featuredmedia":[{"embeddable":true,"href":"https:\/\/www.mijas.es\/portal\/wp-json\/wp\/v2\/media\/44168"}],"wp:attachment":[{"href":"https:\/\/www.mijas.es\/portal\/wp-json\/wp\/v2\/media?parent=44171"}],"wp:term":[{"taxonomy":"category","embeddable":true,"href":"https:\/\/www.mijas.es\/portal\/wp-json\/wp\/v2\/categories?post=44171"},{"taxonomy":"post_tag","embeddable":true,"href":"https:\/\/www.mijas.es\/portal\/wp-json\/wp\/v2\/tags?post=44171"}],"curies":[{"name":"wp","href":"https:\/\/api.w.org\/{rel}","templated":true}]}}