{"id":44162,"date":"2021-10-26T10:15:56","date_gmt":"2021-10-26T09:15:56","guid":{"rendered":"https:\/\/www.mijas.es\/portal\/?p=44162"},"modified":"2021-10-26T10:15:58","modified_gmt":"2021-10-26T09:15:58","slug":"mijas-celebra-el-dia-de-las-bibliotecas-con-una-visita-de-los-ninos-y-ninas-de-primaria-a-sus-salas-infantiles","status":"publish","type":"post","link":"https:\/\/www.mijas.es\/portal\/mijas-celebra-el-dia-de-las-bibliotecas-con-una-visita-de-los-ninos-y-ninas-de-primaria-a-sus-salas-infantiles\/","title":{"rendered":"Mijas celebra el D\u00eda de las Bibliotecas con una visita de los ni\u00f1os y ni\u00f1as de primaria a sus salas infantiles"},"content":{"rendered":"\n<ul><li>Entreculturas, Mijas Pueblo y La Cala han acogido cuentacuentos y juegos interactivos con los que se busca fomentar que se hagan socios y socias de la biblioteca<\/li><\/ul>\n\n\n\n<p><strong>Mijas, 25 de octubre de 2021.-<\/strong> El pasado 24 de octubre fue el D\u00eda de las Bibliotecas, y para conmemorar este d\u00eda, el \u00e1rea de Bibliotecas del Ayuntamiento de Mijas ha llenado de magia sus salas infantiles con la visita del alumnado de primaria, quien ha podido conocer a trav\u00e9s de cuentacuentos y juegos interactivos qu\u00e9 es una biblioteca y c\u00f3mo hacerse socios y socias para disfrutar de todas las ventajas que ofrece la lectura.<\/p>\n\n\n\n<p>\u00abEste a\u00f1o lo hemos enfocado en esos ni\u00f1os y ni\u00f1as que durante la pandemia no han podido disfrutar de estas salas infantiles. Entreculturas, Mijas Pueblo y La Cala, de manera simult\u00e1nea, han recibido la visita del alumnado de 1\u00ba de primaria para conozcan nuestras salas infantiles, sepan que es un espacio en el que pueden venir por las tardes o fines de semanas, y animarles a hacerse socios y socias de nuestras bibliotecas\u00bb, afirma la edil del \u00e1rea, Natalia Mart\u00ednez, quien ha a\u00f1adido que \u00abhemos preparado un folleto informativo para que cada ni\u00f1o y ni\u00f1a se lleve a casa, se las ense\u00f1en a sus padres y vengan a hacerse socios para disfrutar de todas sus ventajas, entre ellas, poder disfrutar de todos los libros de forma gratuita y llev\u00e1rselos a casa o participar en todas las actividades que hacemos por aqu\u00ed, como por ejemplo, estos cuentacuentos\u00bb.<\/p>\n\n\n\n<p>La Asociaci\u00f3n Culturama ha sido la encargada de llenar de ilusi\u00f3n las bibliotecas municipales con cuentacuentos cl\u00e1sicos que han disfrutado alumnos y alumnas del colegio San Sebasti\u00e1n, El Albero o Jard\u00edn Bot\u00e1nico. Tambi\u00e9n han podido disfrutar directamente de la lectura con la elecci\u00f3n de un ejemplar entre el amplio cat\u00e1logo de libros infantiles con el que cuenta las bibliotecas del municipio.<\/p>\n\n\n\n<p>\u00abEstos ni\u00f1os y ni\u00f1as tienen una edad en la que, precisamente, hay que fomentarles el h\u00e1bito de la lectura y que conozcan que las bibliotecas tambi\u00e9n son espacios de ocio, cultura y mucho aprendizaje. Desde el Ayuntamiento de Mijas seguiremos haciendo todo lo posible por seguir desarrollando ese h\u00e1bito entre los m\u00e1s peque\u00f1os y peque\u00f1as\u00bb, a\u00f1ade Mart\u00ednez, quien ha recordado que \u00aben Mijas son m\u00e1s de 4.000 ni\u00f1os y ni\u00f1as los que ya son socios y socias de nuestras bibliotecas, pero queremos seguir sumando porque todos y todas deben de formar parte de esta comunidad\u00bb.<\/p>\n","protected":false},"excerpt":{"rendered":"<p>Entreculturas, Mijas Pueblo y La Cala han acogido cuentacuentos y juegos interactivos con los que se busca fomentar que se hagan socios y socias de la biblioteca Mijas, 25 de octubre de 2021.- El pasado 24 de octubre fue el D\u00eda de las Bibliotecas, y para conmemorar este d\u00eda, el \u00e1rea de Bibliotecas del Ayuntamiento [&hellip;]<\/p>\n","protected":false},"author":9,"featured_media":44157,"comment_status":"closed","ping_status":"open","sticky":false,"template":"","format":"standard","meta":[],"categories":[1,19],"tags":[],"jetpack_featured_media_url":"https:\/\/www.mijas.es\/wp-content\/uploads\/2021\/10\/20211025-DIA-DE-LAS-BIBLIOTECAS.-NATALIA-MARTINEZ.jpeg","_links":{"self":[{"href":"https:\/\/www.mijas.es\/portal\/wp-json\/wp\/v2\/posts\/44162"}],"collection":[{"href":"https:\/\/www.mijas.es\/portal\/wp-json\/wp\/v2\/posts"}],"about":[{"href":"https:\/\/www.mijas.es\/portal\/wp-json\/wp\/v2\/types\/post"}],"author":[{"embeddable":true,"href":"https:\/\/www.mijas.es\/portal\/wp-json\/wp\/v2\/users\/9"}],"replies":[{"embeddable":true,"href":"https:\/\/www.mijas.es\/portal\/wp-json\/wp\/v2\/comments?post=44162"}],"version-history":[{"count":1,"href":"https:\/\/www.mijas.es\/portal\/wp-json\/wp\/v2\/posts\/44162\/revisions"}],"predecessor-version":[{"id":44163,"href":"https:\/\/www.mijas.es\/portal\/wp-json\/wp\/v2\/posts\/44162\/revisions\/44163"}],"wp:featuredmedia":[{"embeddable":true,"href":"https:\/\/www.mijas.es\/portal\/wp-json\/wp\/v2\/media\/44157"}],"wp:attachment":[{"href":"https:\/\/www.mijas.es\/portal\/wp-json\/wp\/v2\/media?parent=44162"}],"wp:term":[{"taxonomy":"category","embeddable":true,"href":"https:\/\/www.mijas.es\/portal\/wp-json\/wp\/v2\/categories?post=44162"},{"taxonomy":"post_tag","embeddable":true,"href":"https:\/\/www.mijas.es\/portal\/wp-json\/wp\/v2\/tags?post=44162"}],"curies":[{"name":"wp","href":"https:\/\/api.w.org\/{rel}","templated":true}]}}