{"id":44160,"date":"2021-10-26T10:11:06","date_gmt":"2021-10-26T09:11:06","guid":{"rendered":"https:\/\/www.mijas.es\/portal\/?p=44160"},"modified":"2021-10-26T10:11:08","modified_gmt":"2021-10-26T09:11:08","slug":"los-jovenes-de-mijas-disfrutaran-de-un-descenso-de-canones-por-el-rio-gualdamina-el-proximo-6-de-noviembre","status":"publish","type":"post","link":"https:\/\/www.mijas.es\/portal\/los-jovenes-de-mijas-disfrutaran-de-un-descenso-de-canones-por-el-rio-gualdamina-el-proximo-6-de-noviembre\/","title":{"rendered":"Los j\u00f3venes de Mijas disfrutar\u00e1n de un descenso de ca\u00f1ones por el r\u00edo Gualdamina el pr\u00f3ximo 6 de noviembre"},"content":{"rendered":"\n<ul><li>La actividad ser\u00e1 gratuita para empadronados y los menores de 16 a\u00f1os deber\u00e1n de acudir acompa\u00f1ados de un adulto<\/li><li>Las plazas son limitadas y las inscripciones se pueden formalizar en el propio departamento de Juventud<\/li><\/ul>\n\n\n\n<p><strong>Mijas, 25 de octubre de 2021.-<\/strong> Tras la buena acogida que tuvo la iniciaci\u00f3n al buceo este verano, el \u00e1rea de Juventud del Ayuntamiento de Mijas vuelve a apostar por las actividades acu\u00e1ticas para esta estaci\u00f3n. En esta ocasi\u00f3n, han presentado un descenso de ca\u00f1ones por el r\u00edo Guadalmina, en Benahav\u00eds, el pr\u00f3ximo 6 de noviembre.&nbsp;<\/p>\n\n\n\n<p>\u00abUna actividad totalmente gratuita que permitir\u00e1 a los j\u00f3venes empadronados en nuestro municipio iniciarse en el mundo del descenso de ca\u00f1ones. El recorrido tendr\u00e1 una duraci\u00f3n estimada de unas dos horas y media, unas tres y horas y media en total, aunque siempre depender\u00e1 del nivel del resto del grupo a la hora de poder realizarlo\u00bb, detalla la responsable de Juventud, Tamara Vera, quien ha subrayado que \u00abse trata de un taller apto para ni\u00f1os de hasta 10 a\u00f1os, aunque los j\u00f3venes menores de 16 a\u00f1os deber\u00e1n acudir con un adulto, lo que permitir\u00e1 que familias enteras puedan disfrutar de esta aventura\u00bb.<\/p>\n\n\n\n<p>Este descenso por su longitud y caracter\u00edsticas es el m\u00e1s id\u00f3neo para aquellas personas que quieran probar suerte por primera vez en el descenso de los ca\u00f1ones. No obstante, hay un requisito indispensable para poder participar en \u00e9l, seg\u00fan ha recalcado Vera. \u00abHay que saber nadar. Por la parte del material, solo es necesario que lleven ba\u00f1ador y calzado deportivo c\u00f3modo. Nosotros aportaremos el traje de neopreono y el resto del material necesario para desarrollar la actividad, que contar\u00e1 con t\u00e9cnicos titulados en la materia acompa\u00f1ando a los participantes en todo momento\u00bb, concluye.<\/p>\n\n\n\n<p>Desde el \u00e1rea de Juventud adelantan que esta actividad no incluye el transporte de Mijas a Benahav\u00eds. Sus plazas son limitadas, 36 en total, y las personas interesadas en inscribirse pueden hacerlo en el propio departamento de Juventud (Teatro Las Lagunas) en su horario de oficina, de lunes a viernes, de 9 a 2, y los lunes y jueves de 5 a 8 de la tarde.<\/p>\n","protected":false},"excerpt":{"rendered":"<p>La actividad ser\u00e1 gratuita para empadronados y los menores de 16 a\u00f1os deber\u00e1n de acudir acompa\u00f1ados de un adulto Las plazas son limitadas y las inscripciones se pueden formalizar en el propio departamento de Juventud Mijas, 25 de octubre de 2021.- Tras la buena acogida que tuvo la iniciaci\u00f3n al buceo este verano, el \u00e1rea [&hellip;]<\/p>\n","protected":false},"author":9,"featured_media":44156,"comment_status":"closed","ping_status":"open","sticky":false,"template":"","format":"standard","meta":[],"categories":[1,19],"tags":[],"jetpack_featured_media_url":"https:\/\/www.mijas.es\/wp-content\/uploads\/2021\/10\/20211025-DESCENSO-CANONES-JUVENTUD.-TAMARA-VERA.jpeg","_links":{"self":[{"href":"https:\/\/www.mijas.es\/portal\/wp-json\/wp\/v2\/posts\/44160"}],"collection":[{"href":"https:\/\/www.mijas.es\/portal\/wp-json\/wp\/v2\/posts"}],"about":[{"href":"https:\/\/www.mijas.es\/portal\/wp-json\/wp\/v2\/types\/post"}],"author":[{"embeddable":true,"href":"https:\/\/www.mijas.es\/portal\/wp-json\/wp\/v2\/users\/9"}],"replies":[{"embeddable":true,"href":"https:\/\/www.mijas.es\/portal\/wp-json\/wp\/v2\/comments?post=44160"}],"version-history":[{"count":1,"href":"https:\/\/www.mijas.es\/portal\/wp-json\/wp\/v2\/posts\/44160\/revisions"}],"predecessor-version":[{"id":44161,"href":"https:\/\/www.mijas.es\/portal\/wp-json\/wp\/v2\/posts\/44160\/revisions\/44161"}],"wp:featuredmedia":[{"embeddable":true,"href":"https:\/\/www.mijas.es\/portal\/wp-json\/wp\/v2\/media\/44156"}],"wp:attachment":[{"href":"https:\/\/www.mijas.es\/portal\/wp-json\/wp\/v2\/media?parent=44160"}],"wp:term":[{"taxonomy":"category","embeddable":true,"href":"https:\/\/www.mijas.es\/portal\/wp-json\/wp\/v2\/categories?post=44160"},{"taxonomy":"post_tag","embeddable":true,"href":"https:\/\/www.mijas.es\/portal\/wp-json\/wp\/v2\/tags?post=44160"}],"curies":[{"name":"wp","href":"https:\/\/api.w.org\/{rel}","templated":true}]}}