{"id":44158,"date":"2021-10-26T10:08:57","date_gmt":"2021-10-26T09:08:57","guid":{"rendered":"https:\/\/www.mijas.es\/portal\/?p=44158"},"modified":"2021-10-26T10:08:59","modified_gmt":"2021-10-26T09:08:59","slug":"servicios-operativos-acondiciona-el-aparcamiento-frente-a-los-colegios-tamixa-y-maria-zambrano","status":"publish","type":"post","link":"https:\/\/www.mijas.es\/portal\/servicios-operativos-acondiciona-el-aparcamiento-frente-a-los-colegios-tamixa-y-maria-zambrano\/","title":{"rendered":"Servicios Operativos acondiciona el aparcamiento frente a los colegios Tamixa y Mar\u00eda Zambrano"},"content":{"rendered":"\n<ul><li>El edil de responsable del \u00e1rea, Jos\u00e9 Carlos Mart\u00edn, ha anunciado esta ma\u00f1ana que los operarios municipales van a llevar a cabo labores de compactaci\u00f3n y nivelaci\u00f3n de la zona tras echar una capa de zahorra artificial con el objetivo de aportar mayor comodidad a los usuarios a la hora de aparcar<\/li><\/ul>\n\n\n\n<p><strong>Mijas, 25 de octubre de 2021.-<\/strong> El edil de Servicios Operativos, Jos\u00e9 Carlos Mart\u00edn, ha anunciado esta ma\u00f1ana que el departamento va a proceder al acondicionamiento de la zona de aparcamiento frente a los colegios Tamixa y Mar\u00eda Zambrano en Las Lagunas. \u00abUna vez que hemos finalizado los trabajos de acondicionamiento de los caminos rurales, comenzamos con las zonas de bolsas de aparcamientos a lo largo del municipio. En este caso nos encontramos en una zona muy transitada por todos los padres que vienen a traer a los ni\u00f1os a los centros educativos y necesitaba un acondicionamiento\u00bb, indica el concejal.<\/p>\n\n\n\n<p>En este sentido, los operarios municipales van a proceder a echar una capa de zahorra artificial, seguidamente la compactar\u00e1n y nivelaran todo la zona de forma que cuando llegue la \u00e9poca de lluvias sea capaz de aguantar todo el periodo y pueda ejercer un uso c\u00f3modo. \u00abEste es el tratamiento a seguir en esta zona debido a que se trata de un espacio de tierra, adem\u00e1s de tener mucho tr\u00e1nsito. Por ello, como cada a\u00f1o, decidimos darle ese toque de mantenimiento y acondicionamiento de manera que vuelva a coger ese firme y aguante los temporales\u00bb, a\u00f1ade Mart\u00edn.<\/p>\n\n\n\n<p>As\u00ed pues, esta actuaci\u00f3n no resulta un trabajo excesivo en cuanto a inversi\u00f3n ni actuaci\u00f3n, pues cuenta con un importe de 6 mil euros y un plazo de ejecuci\u00f3n de 6 d\u00edas, sin embargo, supone una mejora muy importante en cuanto a comodidad y movilidad por parte de los padres que van a llevar a los peque\u00f1os a sus colegios, por lo tanto se van a ver beneficiados una vez concluyan las labores.<\/p>\n\n\n\n<p>En este caso, tras finalizar en esta zona, el departamento tiene planteado trasladarse al resto de bolsas de aparcamientos del resto del municipio, ya que se trata de espacios usados por veh\u00edculos y que no cuentan con las condiciones necesarias por lo que el Consistorio pretende mejorarlas en la medida de lo posible. \u00abVamos a compactar y aportar la zahorra art\u00edficial en algunos de los aparcamientos, mientras que en otros echaremos fresado de asfalto, pero en definitiva nuestro objetivo fundamental es tener acondicionado y compactados todos estos espacios para que nuestros vecinos tengan cierta comodidad al aparcar, adem\u00e1s que est\u00e9n en perfectas condiciones de cara a las fuertes lluvias que \u00faltimamente estamos viviendo en invierno\u00bb, concluye el edil.<\/p>\n\n\n\n<ul><li>Turismo nacional salva el verano en Mijas<\/li><li>Marca gol (Mijas Sol y Golf)<\/li><li>Limpieza litoral Mimoana<\/li><li>Mijas Secrets<\/li><li>Labor de Age Care (Extranjeros)<\/li><li>Royal British Legion 100 a\u00f1os ayudando<\/li><li>Padel Adan<\/li><li>Calle Marbella comienza<\/li><li>Cementerio<\/li><li>BTT Villa Mijas<\/li><\/ul>\n","protected":false},"excerpt":{"rendered":"<p>El edil de responsable del \u00e1rea, Jos\u00e9 Carlos Mart\u00edn, ha anunciado esta ma\u00f1ana que los operarios municipales van a llevar a cabo labores de compactaci\u00f3n y nivelaci\u00f3n de la zona tras echar una capa de zahorra artificial con el objetivo de aportar mayor comodidad a los usuarios a la hora de aparcar Mijas, 25 de [&hellip;]<\/p>\n","protected":false},"author":9,"featured_media":44155,"comment_status":"closed","ping_status":"open","sticky":false,"template":"","format":"standard","meta":[],"categories":[1,19],"tags":[],"jetpack_featured_media_url":"https:\/\/www.mijas.es\/wp-content\/uploads\/2021\/10\/20211025-ACONDICIONAMIENTO-APARCAMIENTO-COLEGIOS.-JOSE-CARLOS-MARTIN.jpeg","_links":{"self":[{"href":"https:\/\/www.mijas.es\/portal\/wp-json\/wp\/v2\/posts\/44158"}],"collection":[{"href":"https:\/\/www.mijas.es\/portal\/wp-json\/wp\/v2\/posts"}],"about":[{"href":"https:\/\/www.mijas.es\/portal\/wp-json\/wp\/v2\/types\/post"}],"author":[{"embeddable":true,"href":"https:\/\/www.mijas.es\/portal\/wp-json\/wp\/v2\/users\/9"}],"replies":[{"embeddable":true,"href":"https:\/\/www.mijas.es\/portal\/wp-json\/wp\/v2\/comments?post=44158"}],"version-history":[{"count":1,"href":"https:\/\/www.mijas.es\/portal\/wp-json\/wp\/v2\/posts\/44158\/revisions"}],"predecessor-version":[{"id":44159,"href":"https:\/\/www.mijas.es\/portal\/wp-json\/wp\/v2\/posts\/44158\/revisions\/44159"}],"wp:featuredmedia":[{"embeddable":true,"href":"https:\/\/www.mijas.es\/portal\/wp-json\/wp\/v2\/media\/44155"}],"wp:attachment":[{"href":"https:\/\/www.mijas.es\/portal\/wp-json\/wp\/v2\/media?parent=44158"}],"wp:term":[{"taxonomy":"category","embeddable":true,"href":"https:\/\/www.mijas.es\/portal\/wp-json\/wp\/v2\/categories?post=44158"},{"taxonomy":"post_tag","embeddable":true,"href":"https:\/\/www.mijas.es\/portal\/wp-json\/wp\/v2\/tags?post=44158"}],"curies":[{"name":"wp","href":"https:\/\/api.w.org\/{rel}","templated":true}]}}