{"id":44144,"date":"2021-10-25T10:22:38","date_gmt":"2021-10-25T09:22:38","guid":{"rendered":"https:\/\/www.mijas.es\/portal\/?p=44144"},"modified":"2021-10-25T10:22:40","modified_gmt":"2021-10-25T09:22:40","slug":"mijas-prepara-una-noche-de-halloween-para-toda-la-familia","status":"publish","type":"post","link":"https:\/\/www.mijas.es\/portal\/mijas-prepara-una-noche-de-halloween-para-toda-la-familia\/","title":{"rendered":"Mijas prepara una noche de Halloween para toda la familia"},"content":{"rendered":"\n<ul><li>Dos pasajes del terror para j\u00f3venes y ni\u00f1os y foodtrucks son las propuestas del \u00e1rea de Juventud y Fiestas para disfrutar de un 31 de octubre terror\u00edficamente divertido<\/li><\/ul>\n\n\n\n<p><strong>Mijas, 22 de octubre de 2021.-<\/strong> Mijas prepara su disfraz para la noche m\u00e1s terror\u00edfica del a\u00f1o. La celebraci\u00f3n de Halloween vuelve con fuerza al municipio despu\u00e9s de un a\u00f1o de par\u00f3n por la pandemia y lo hace con tres actividades para toda la familia, seg\u00fan ha adelantado la concejala de Fiestas y Juventud, Tamara Vera.<\/p>\n\n\n\n<p>\u00abEl 31 de octubre ser\u00e1 un domingo terror\u00edficamente divertido, con actividades de Halloween en los tres puntos de nuestro municipio. Como viene siendo una costumbre en Mijas, en Las Lagunas tendremos un pasaje del terror para los m\u00e1s mayores organizado por el \u00e1rea de Juventud. En esta ocasi\u00f3n lo hemos trasladado a una ubicaci\u00f3n nueva, el Cortijo Don El\u00edas, por la amplitud del espacio, que acoger\u00e1 tambi\u00e9n ese mismo d\u00eda otro pasaje del terror infantil. Esta actividad tambi\u00e9n estar\u00e1 en la Plaza Virgen de la Pe\u00f1a y en el Boulevar de La Cala\u00bb, explica Vera.&nbsp;<\/p>\n\n\n\n<p>Ambos pasajes del terror se desarrollar\u00e1n desde las 18 hasta las 22 horas del 31 de octubre. Aunque no ser\u00e1n las \u00fanicas ofertas de ocio que Fiestas y Juventud tengan en el calendario ese d\u00eda. \u00abEn el recinto ferial de Las Lagunas tambi\u00e9n tendremos foodtrucks. Este evento no solo estar\u00e1 el d\u00eda de Halloween sino que se extender\u00e1 del 29 de octubre al 1 de noviembre\u00bb, adelanta la edil.<\/p>\n\n\n\n<p>La &#8216;Foodtrucks experience&#8217; arrancar\u00e1 el d\u00eda 29 de octubre a las 19 horas y de s\u00e1bado 30 al lunes 1 de noviembre, estar\u00e1 a partir de las 13 horas. En ella, los vecinos y visitantes podr\u00e1n degustar la comida de hasta nueve chefs internacionales mientras disfrutan de m\u00fasica en directo.&nbsp;<\/p>\n\n\n\n<p>\u00abTenemos comida mexicana, cubana, hamburguesas, crepes, dulces y salados para los m\u00e1s peque\u00f1os. Tambi\u00e9n hay opciones para veganos y celiacos para que nadie se quede sin poder disfrutarlo\u00bb, a\u00f1ade uno de los socios de la empresa organizadora del evento, Fabian D\u2019Angelo.<\/p>\n\n\n\n<p>Por \u00faltimo, desde el \u00e1rea de Juventud informan que para disfrutar de su pasaje del terror, los menores de 12 a\u00f1os deber\u00e1n de ir acompa\u00f1ados por un adulto. Tanto el pasaje del terror de Juventud, como el infantil que organiza el \u00e1rea de Fiestas tienen entrada gratuita.&nbsp; Este \u00faltimo adem\u00e1s incluir\u00e1 photocall terror\u00edfico, juegos y muchas sorpresas m\u00e1s para el disfrute de los m\u00e1s peque\u00f1os de la casa.<\/p>\n","protected":false},"excerpt":{"rendered":"<p>Dos pasajes del terror para j\u00f3venes y ni\u00f1os y foodtrucks son las propuestas del \u00e1rea de Juventud y Fiestas para disfrutar de un 31 de octubre terror\u00edficamente divertido Mijas, 22 de octubre de 2021.- Mijas prepara su disfraz para la noche m\u00e1s terror\u00edfica del a\u00f1o. La celebraci\u00f3n de Halloween vuelve con fuerza al municipio despu\u00e9s [&hellip;]<\/p>\n","protected":false},"author":9,"featured_media":44133,"comment_status":"closed","ping_status":"open","sticky":false,"template":"","format":"standard","meta":[],"categories":[1,19],"tags":[],"jetpack_featured_media_url":"https:\/\/www.mijas.es\/wp-content\/uploads\/2021\/10\/20211022-HALLOWEEN-EN-MIJAS.-TAMARA-VERA.jpeg","_links":{"self":[{"href":"https:\/\/www.mijas.es\/portal\/wp-json\/wp\/v2\/posts\/44144"}],"collection":[{"href":"https:\/\/www.mijas.es\/portal\/wp-json\/wp\/v2\/posts"}],"about":[{"href":"https:\/\/www.mijas.es\/portal\/wp-json\/wp\/v2\/types\/post"}],"author":[{"embeddable":true,"href":"https:\/\/www.mijas.es\/portal\/wp-json\/wp\/v2\/users\/9"}],"replies":[{"embeddable":true,"href":"https:\/\/www.mijas.es\/portal\/wp-json\/wp\/v2\/comments?post=44144"}],"version-history":[{"count":1,"href":"https:\/\/www.mijas.es\/portal\/wp-json\/wp\/v2\/posts\/44144\/revisions"}],"predecessor-version":[{"id":44145,"href":"https:\/\/www.mijas.es\/portal\/wp-json\/wp\/v2\/posts\/44144\/revisions\/44145"}],"wp:featuredmedia":[{"embeddable":true,"href":"https:\/\/www.mijas.es\/portal\/wp-json\/wp\/v2\/media\/44133"}],"wp:attachment":[{"href":"https:\/\/www.mijas.es\/portal\/wp-json\/wp\/v2\/media?parent=44144"}],"wp:term":[{"taxonomy":"category","embeddable":true,"href":"https:\/\/www.mijas.es\/portal\/wp-json\/wp\/v2\/categories?post=44144"},{"taxonomy":"post_tag","embeddable":true,"href":"https:\/\/www.mijas.es\/portal\/wp-json\/wp\/v2\/tags?post=44144"}],"curies":[{"name":"wp","href":"https:\/\/api.w.org\/{rel}","templated":true}]}}