{"id":43854,"date":"2021-10-04T10:14:39","date_gmt":"2021-10-04T09:14:39","guid":{"rendered":"https:\/\/www.mijas.es\/portal\/?p=43854"},"modified":"2021-10-04T10:14:41","modified_gmt":"2021-10-04T09:14:41","slug":"otonados-la-nueva-exposicion-de-la-casa-museo-de-mijas-a-beneficio-de-los-damnificados-de-la-palma","status":"publish","type":"post","link":"https:\/\/www.mijas.es\/portal\/otonados-la-nueva-exposicion-de-la-casa-museo-de-mijas-a-beneficio-de-los-damnificados-de-la-palma\/","title":{"rendered":"&#8216;Oto\u00f1ados&#8217;, la nueva exposici\u00f3n de la Casa Museo de Mijas a beneficio de los damnificados de La Palma"},"content":{"rendered":"\n<ul><li>Los artistas mije\u00f1os Francisco Romero y Francisco Cuevas vender\u00e1n sus fotograf\u00edas por un precio simb\u00f3lico de 40 euros, cuyo valor \u00edntegramente se destinar\u00e1 a los afectados por la erupci\u00f3n del volc\u00e1n en la isla<\/li><\/ul>\n\n\n\n<p><strong>Mijas, 1 de octubre de 2021.-<\/strong> La concejala de Cultura, Ver\u00f3nica Ensberg, ha presentado esta ma\u00f1ana &#8216;Oto\u00f1ados&#8217;, la nueva exposici\u00f3n de fotograf\u00eda que acoge la Casa Museo de Mijas y que en esta ocasi\u00f3n llega con un tinte solidario: todo lo recaudado con la venta de las fotograf\u00edas ir\u00e1 a parar a manos de los damnificados por el volc\u00e1n de la Palma.<\/p>\n\n\n\n<p>\u00abMe gustar\u00eda destacar el gesto tan bonito que han tenido Francisco Cuevas y Francisco Romero, dos artistas mije\u00f1os que han decidido que todo lo que recauden con la venta de &#8216;Oto\u00f1ados&#8217;, exposici\u00f3n que exhiben en Casa Museo hasta el 31 de octubre, ser\u00e1 donado a los afectados de La Palma que tan mal lo est\u00e1n pasando en estos momentos\u00bb, explica Ensberg, quien ha agregado que esta exposici\u00f3n est\u00e1 conformada por \u00ab36 imag\u00e9nes que se asemejan much\u00edsimo a la pintura y que transmiten tan bien el per\u00edodo oto\u00f1al que acabamos de iniciar\u00bb.<\/p>\n\n\n\n<p>La exposici\u00f3n est\u00e1 dividida en dos partes: una m\u00e1s paisaj\u00edstica con utilizaci\u00f3n de diversos filtros donde aparece, entre otros lugares, la Sierra de Mijas; y otras tipo macro donde la seta y su silueta es la gran protagonista.<\/p>\n\n\n\n<p>\u00abSon fotograf\u00edas que hemos tomado en oto\u00f1o de 2019 y 2020. Muchas de ellas se han realizado con proyectores y les da ese efecto pict\u00f3rico que tienen\u00bb, explica Francisco Romero, quien comparte su pasi\u00f3n por la fotograf\u00eda diurna junto a su primo Francisco Cuevas.<\/p>\n\n\n\n<p>\u00abYo nac\u00ed en esta calle y he estado jugando aqu\u00ed toda la vida. Que nos ofrezcan la sala de exposiciones para exhibir nuestro trabajao es todo un orgullo\u00bb, afirma Cuevas, quien ha concretado que sus fotograf\u00edas se ponen a la venta \u00abpor un precio simb\u00f3lico de 40 euros. Lo que queremos es que la gente se anime y ayudemos entre todos a La Palma\u00bb, concluye.<\/p>\n","protected":false},"excerpt":{"rendered":"<p>Los artistas mije\u00f1os Francisco Romero y Francisco Cuevas vender\u00e1n sus fotograf\u00edas por un precio simb\u00f3lico de 40 euros, cuyo valor \u00edntegramente se destinar\u00e1 a los afectados por la erupci\u00f3n del volc\u00e1n en la isla Mijas, 1 de octubre de 2021.- La concejala de Cultura, Ver\u00f3nica Ensberg, ha presentado esta ma\u00f1ana &#8216;Oto\u00f1ados&#8217;, la nueva exposici\u00f3n de [&hellip;]<\/p>\n","protected":false},"author":9,"featured_media":43843,"comment_status":"closed","ping_status":"open","sticky":false,"template":"","format":"standard","meta":[],"categories":[1,19],"tags":[],"jetpack_featured_media_url":"https:\/\/www.mijas.es\/wp-content\/uploads\/2021\/10\/20211001-CULTURA.-VERONICA-ENSBERG.jpeg","_links":{"self":[{"href":"https:\/\/www.mijas.es\/portal\/wp-json\/wp\/v2\/posts\/43854"}],"collection":[{"href":"https:\/\/www.mijas.es\/portal\/wp-json\/wp\/v2\/posts"}],"about":[{"href":"https:\/\/www.mijas.es\/portal\/wp-json\/wp\/v2\/types\/post"}],"author":[{"embeddable":true,"href":"https:\/\/www.mijas.es\/portal\/wp-json\/wp\/v2\/users\/9"}],"replies":[{"embeddable":true,"href":"https:\/\/www.mijas.es\/portal\/wp-json\/wp\/v2\/comments?post=43854"}],"version-history":[{"count":1,"href":"https:\/\/www.mijas.es\/portal\/wp-json\/wp\/v2\/posts\/43854\/revisions"}],"predecessor-version":[{"id":43855,"href":"https:\/\/www.mijas.es\/portal\/wp-json\/wp\/v2\/posts\/43854\/revisions\/43855"}],"wp:featuredmedia":[{"embeddable":true,"href":"https:\/\/www.mijas.es\/portal\/wp-json\/wp\/v2\/media\/43843"}],"wp:attachment":[{"href":"https:\/\/www.mijas.es\/portal\/wp-json\/wp\/v2\/media?parent=43854"}],"wp:term":[{"taxonomy":"category","embeddable":true,"href":"https:\/\/www.mijas.es\/portal\/wp-json\/wp\/v2\/categories?post=43854"},{"taxonomy":"post_tag","embeddable":true,"href":"https:\/\/www.mijas.es\/portal\/wp-json\/wp\/v2\/tags?post=43854"}],"curies":[{"name":"wp","href":"https:\/\/api.w.org\/{rel}","templated":true}]}}