{"id":43758,"date":"2021-09-30T10:19:21","date_gmt":"2021-09-30T09:19:21","guid":{"rendered":"https:\/\/www.mijas.es\/portal\/?p=43758"},"modified":"2021-09-30T10:19:21","modified_gmt":"2021-09-30T09:19:21","slug":"territorio-juventud-y-buceo-las-actividades-favoritas-de-los-jovenes-mijenos-este-verano","status":"publish","type":"post","link":"https:\/\/www.mijas.es\/portal\/territorio-juventud-y-buceo-las-actividades-favoritas-de-los-jovenes-mijenos-este-verano\/","title":{"rendered":"Territorio Juventud y buceo, las actividades favoritas de los j\u00f3venes mije\u00f1os este verano"},"content":{"rendered":"\n<ul><li>Cerca de 10.000 personas participaron en las diversas propuestas veraniegas del \u00e1rea de Juventud<\/li><\/ul>\n\n\n\n<p><strong>Mijas, 29 de septiembre de 2021.-<\/strong> La concejala de Juventud, Tamara Vera, ha hecho balance esta ma\u00f1ana de las actividades llevadas a cabo por el \u00e1rea durante el verano y lo hace con una cifra sobre la mesa: cerca de 10.000 personas han disfrutado de su programaci\u00f3n estival donde Territorio Juventud e iniciaci\u00f3n al buceo han sido las claras favoritas de los j\u00f3venes mije\u00f1os.<\/p>\n\n\n\n<p>\u00abHemos tenido cine de verano, magia, ilusionismo, circo a pie de calle, piscina por la noche. Tambi\u00e9n entretenimiento musical y familiar y retos para muy divertidos que hemos llevado a cabo de manera conjunta con AquaMijas\u00bb, destaca Vera, quien ha recalcado que las grandes estrellas de la tempora han sido \u00abuna vez m\u00e1s Territorio Juventud, con m\u00e1s de 1.800 personas inscritas para disfrutar en la Playa del Torre\u00f3n de La Cala de deportes acu\u00e1ticos como el paddel surf o kayak\u00bb.<\/p>\n\n\n\n<p>As\u00ed, Territorio Juventud sigue consolid\u00e1ndose como una de las actividades m\u00e1s se\u00f1eras del \u00e1rea de Juventud, a la que le ha salido una firme competidora: la iniciaci\u00f3n al buceo, celebrado en la piscina de Osunillas, y que ha congregado a un centenar de ni\u00f1os y j\u00f3venes de entre 8 a 30 a\u00f1os. \u00abHa tenido una gran acogida por parte de nuestros j\u00f3venes y sin duda volveremos a llevarla a cabo el pr\u00f3ximo a\u00f1o\u00bb, adelanta Vera.<\/p>\n\n\n\n<p>&nbsp;de las actividades que el pr\u00f3ximo a\u00f1o volveremos a llevar a cabo porque ha tenido una gran acogida por parte de nuestros j\u00f3venes.<\/p>\n\n\n\n<p>Cine de Verano, Territorio Juventud donde han podido practicar deportes acu\u00e1ticos como paddel surf, kayak, magia, ilusionismo y circo a pie de calle, iniciaci\u00f3n al buceo, piscina por la noche, entretenimiento familiar y retos muy divertidos para trabajar conjuntamente con AquaMijas una de las actividades estrella de este verano.<\/p>\n\n\n\n<p>\u00abNos sentismos satisfechos por el gran trabajo realizado y por c\u00f3mo ha respondido la ciudadan\u00eda a todas y cada una de las actividades y a toda la normativa de seguridad que hemos ido aplicando. Sin la cooperaci\u00f3n de todos nuestros vecinos y vecinas que han asistido a todos los eventos no hubiese posible el \u00e9xito de cada una de ellas.<\/p>\n\n\n\n<p>Siempre que hemos propuesto aforo limitado, el uso de la mascarilla y del cumplimiento de la normativa han hecho muy f\u00e1cil.<\/p>\n\n\n\n<p>Todas han tenido un \u00e9xito de participaci\u00f3n por parte de nuestros j\u00f3venes y familias. Muchas de las actividades ideas han estado enfocadas a un formato familiar para que todas las familias pudiesen disfrutarladesde lo ma\u00b4s grande a los m\u00e1s peque\u00f1os.<\/p>\n\n\n\n<p>Se han dise\u00f1ado actividades en nuevos espacios, han estado siempre a nuestra hosteler\u00eda, comerdcios, con el objetivo de que neustros vecinos cuando viniesen a disfrutar de nuestras actividades pudisen compartir ese momento con ellos. Uno de los objetivos que nos quer\u00edamos marcar era esa ayuda a nuestros hosteleros acercando el p\u00fablico cerca de ellos.<\/p>\n\n\n\n<p>Otra de las actividades estrella del \u00e1rea es Territorio Juventud, donde han pasado m\u00e1s de 1.800 personas.<\/p>\n\n\n\n<p>Desde el \u00e1rea de Juventud animan a todos los j\u00f3venes a proponer iniciativas y nuevas actividades que nos la hagan llegar al departamento para&nbsp;<\/p>\n\n\n\n<p>Esepramos que para el pr\u00f3ximo a\u00f1o podamos recuperar todas las actividades que finalmente no han podido ver la luz por la pandemia.<\/p>\n\n\n\n<p>Agradecer al equiopo de trabajo porque se han dejado la piel<\/p>\n\n\n\n<p>coste gratuito para que todas las familias puedan acceder a ellas para que nadie se quede atr\u00e1s en todas las actividades y que todas puedan disfrutarla con igualdad de oportunidades.<\/p>\n","protected":false},"excerpt":{"rendered":"<p>Cerca de 10.000 personas participaron en las diversas propuestas veraniegas del \u00e1rea de Juventud Mijas, 29 de septiembre de 2021.- La concejala de Juventud, Tamara Vera, ha hecho balance esta ma\u00f1ana de las actividades llevadas a cabo por el \u00e1rea durante el verano y lo hace con una cifra sobre la mesa: cerca de 10.000 [&hellip;]<\/p>\n","protected":false},"author":9,"featured_media":43746,"comment_status":"closed","ping_status":"open","sticky":false,"template":"","format":"standard","meta":[],"categories":[1,19],"tags":[],"jetpack_featured_media_url":"https:\/\/www.mijas.es\/wp-content\/uploads\/2021\/09\/20210929-JUVENTUD.-TAMARA-VERA.jpeg","_links":{"self":[{"href":"https:\/\/www.mijas.es\/portal\/wp-json\/wp\/v2\/posts\/43758"}],"collection":[{"href":"https:\/\/www.mijas.es\/portal\/wp-json\/wp\/v2\/posts"}],"about":[{"href":"https:\/\/www.mijas.es\/portal\/wp-json\/wp\/v2\/types\/post"}],"author":[{"embeddable":true,"href":"https:\/\/www.mijas.es\/portal\/wp-json\/wp\/v2\/users\/9"}],"replies":[{"embeddable":true,"href":"https:\/\/www.mijas.es\/portal\/wp-json\/wp\/v2\/comments?post=43758"}],"version-history":[{"count":1,"href":"https:\/\/www.mijas.es\/portal\/wp-json\/wp\/v2\/posts\/43758\/revisions"}],"predecessor-version":[{"id":43759,"href":"https:\/\/www.mijas.es\/portal\/wp-json\/wp\/v2\/posts\/43758\/revisions\/43759"}],"wp:featuredmedia":[{"embeddable":true,"href":"https:\/\/www.mijas.es\/portal\/wp-json\/wp\/v2\/media\/43746"}],"wp:attachment":[{"href":"https:\/\/www.mijas.es\/portal\/wp-json\/wp\/v2\/media?parent=43758"}],"wp:term":[{"taxonomy":"category","embeddable":true,"href":"https:\/\/www.mijas.es\/portal\/wp-json\/wp\/v2\/categories?post=43758"},{"taxonomy":"post_tag","embeddable":true,"href":"https:\/\/www.mijas.es\/portal\/wp-json\/wp\/v2\/tags?post=43758"}],"curies":[{"name":"wp","href":"https:\/\/api.w.org\/{rel}","templated":true}]}}