{"id":43754,"date":"2021-09-30T10:17:33","date_gmt":"2021-09-30T09:17:33","guid":{"rendered":"https:\/\/www.mijas.es\/portal\/?p=43754"},"modified":"2021-09-30T10:17:33","modified_gmt":"2021-09-30T09:17:33","slug":"mijas-lanza-mi-futuro-comienza-en-clase-una-campana-de-concienciacion-sobre-el-absentismo-escolar","status":"publish","type":"post","link":"https:\/\/www.mijas.es\/portal\/mijas-lanza-mi-futuro-comienza-en-clase-una-campana-de-concienciacion-sobre-el-absentismo-escolar\/","title":{"rendered":"Mijas lanza &#8216;Mi futuro comienza en clase&#8217;, una campa\u00f1a de concienciaci\u00f3n sobre el absentismo escolar"},"content":{"rendered":"\n<ul><li>El \u00e1rea de Servicios Sociales del Consistorio mije\u00f1o busca sensibilizar a padres y centros educativos del problema que supone para los menores la falta de asistencia a clase continuada y sin justificar<\/li><\/ul>\n\n\n\n<p><strong>Mijas, 29 de septiembre de 2021.-<\/strong> El concejal de Servicios Sociales, Hip\u00f3lito Zapico, ha presentado esta ma\u00f1ana &#8216;Mi futuro comienza en clase&#8217;, una campa\u00f1a sobre el absentismo escolar con la que el \u00e1rea de Servicios Sociales pretende concienciar de los riesgos que supone para los menores la falta de asistencia a clase continuada y sin justificar.<\/p>\n\n\n\n<p>\u00abLo que pretendemos es concienciar a los padres y buscar su apoyo y el de equipos directivos, profesores, claustros y AMPAS de los centros educativos para que promuevan esta campa\u00f1a y se genere una conciencia de que es absolutamente necesario de que los ni\u00f1os asistan regularmente al colegio y que los padres est\u00e9n implicados en la educaci\u00f3n de sus hijos\u00bb, afirma Zapico, quien ha subrayado que \u00abel absentismo es el inicio del fracaso escolar y tiene, entre otras consecuencias, no acceder a la formaci\u00f3n necesaria para llegar a alcanzar empleos mejor remunerados y m\u00e1s estables y tambi\u00e9n consecuencias legales para sus tutores que, dependiendo de la gravedad del caso, pueden perder hasta la custodia del menor\u00bb.<\/p>\n\n\n\n<p>&#8216;Mi futuro comienza en clase&#8217; incluye carteles y un v\u00eddeo que, seg\u00fan adelanta el edil, \u00abvamos a pasar a los directores de los centros para que nos ayuden a distribuirlo con las AMPAS y lleguen a trav\u00e9s de los grupos de delegados de clase. As\u00ed, con el apoyo de todos, podremos reducir el absentismo escolar en Mijas\u00bb.<\/p>\n\n\n\n<p>En este sentido, cabe recordar que en Mijas los datos de absentismo escolar apenas rozaron el 1% en el pasado curso escolar. De los 122 casos de absentismo que se dieron en el municipio, 25 casos se resolvieron y 14 fueron derivados a la Fiscal\u00eda de Menores para su intervenci\u00f3n directa.<\/p>\n\n\n\n<p>Tal y como recuerda el \u00e1rea de Servicios Sociales, estos datos \u00abson bastante bajos con respecto a la media de la provincia y se deben en parte a la gran labor de los centros educativos, claustro de profesores y equipos directivos, a los que se unen el esfuerzo que hace el \u00e1rea de Servicios Sociales con programas como el Aula de Convivencia Alternativa, ACA; y el programa de intervenci\u00f3n de menores, PIN. Tambi\u00e9n contamos con equipos especializados como son las educadoras sociales, el equipo de tratamiento familiar ETF, o la figura del agente tutor, un polic\u00eda local que interviene en este tipo de programas\u00bb.<\/p>\n\n\n\n<p>Por \u00faltimo, destacar que Mijas cuenta con una Comisi\u00f3n de absentismo escolar, un \u00f3rgano que se convoca cada trimestre con el objetivo de establecer un espacio de participaci\u00f3n entre todos los agentes implicados en la planificaci\u00f3n, el control, la evaluaci\u00f3n y la coordinaci\u00f3n de las actuaciones que se desarrollan en el municipio en esta materia; y que Mijas recibi\u00f3 en 2019 el Premio Nacional de Agente Tutor por la excelencia de su Programa de Absentismo Escolar.<\/p>\n","protected":false},"excerpt":{"rendered":"<p>El \u00e1rea de Servicios Sociales del Consistorio mije\u00f1o busca sensibilizar a padres y centros educativos del problema que supone para los menores la falta de asistencia a clase continuada y sin justificar Mijas, 29 de septiembre de 2021.- El concejal de Servicios Sociales, Hip\u00f3lito Zapico, ha presentado esta ma\u00f1ana &#8216;Mi futuro comienza en clase&#8217;, una [&hellip;]<\/p>\n","protected":false},"author":9,"featured_media":43747,"comment_status":"closed","ping_status":"open","sticky":false,"template":"","format":"standard","meta":[],"categories":[1,19],"tags":[],"jetpack_featured_media_url":"https:\/\/www.mijas.es\/wp-content\/uploads\/2021\/09\/20210929-SERVICIOS-SOCIALES.-HIPOLITO-ZAPICO.jpeg","_links":{"self":[{"href":"https:\/\/www.mijas.es\/portal\/wp-json\/wp\/v2\/posts\/43754"}],"collection":[{"href":"https:\/\/www.mijas.es\/portal\/wp-json\/wp\/v2\/posts"}],"about":[{"href":"https:\/\/www.mijas.es\/portal\/wp-json\/wp\/v2\/types\/post"}],"author":[{"embeddable":true,"href":"https:\/\/www.mijas.es\/portal\/wp-json\/wp\/v2\/users\/9"}],"replies":[{"embeddable":true,"href":"https:\/\/www.mijas.es\/portal\/wp-json\/wp\/v2\/comments?post=43754"}],"version-history":[{"count":1,"href":"https:\/\/www.mijas.es\/portal\/wp-json\/wp\/v2\/posts\/43754\/revisions"}],"predecessor-version":[{"id":43755,"href":"https:\/\/www.mijas.es\/portal\/wp-json\/wp\/v2\/posts\/43754\/revisions\/43755"}],"wp:featuredmedia":[{"embeddable":true,"href":"https:\/\/www.mijas.es\/portal\/wp-json\/wp\/v2\/media\/43747"}],"wp:attachment":[{"href":"https:\/\/www.mijas.es\/portal\/wp-json\/wp\/v2\/media?parent=43754"}],"wp:term":[{"taxonomy":"category","embeddable":true,"href":"https:\/\/www.mijas.es\/portal\/wp-json\/wp\/v2\/categories?post=43754"},{"taxonomy":"post_tag","embeddable":true,"href":"https:\/\/www.mijas.es\/portal\/wp-json\/wp\/v2\/tags?post=43754"}],"curies":[{"name":"wp","href":"https:\/\/api.w.org\/{rel}","templated":true}]}}