{"id":41454,"date":"2021-07-21T10:22:32","date_gmt":"2021-07-21T09:22:32","guid":{"rendered":"https:\/\/www.mijas.es\/portal\/?p=41454"},"modified":"2021-07-21T10:22:32","modified_gmt":"2021-07-21T09:22:32","slug":"mas-de-1-500-personas-llenaron-el-auditorio-municipal-en-la-xxxv-edicion-del-festival-de-teatro-villa-de-mijas","status":"publish","type":"post","link":"https:\/\/www.mijas.es\/portal\/mas-de-1-500-personas-llenaron-el-auditorio-municipal-en-la-xxxv-edicion-del-festival-de-teatro-villa-de-mijas\/","title":{"rendered":"M\u00e1s de 1.500 personas llenaron el Auditorio Municipal en la XXXV edici\u00f3n del Festival de Teatro Villa de Mijas"},"content":{"rendered":"\n<ul><li>El veterano certamen se celebr\u00f3 del 15 al 18 de julio y cont\u00f3 en su programaci\u00f3n con cuatro espect\u00e1culos, entre ellos un estreno nacional, los mon\u00f3logos de los actores de \u2018Deudas\u2019<\/li><li>Tras celebrarse el pasado a\u00f1o en el Teatro Las Lagunas, el festival vuelve a un auditorio que presenta numerosas mejoras, entre ellas la renovaci\u00f3n integral del patio de butacas<\/li><\/ul>\n\n\n\n<p><strong>Mijas, 20 de julio de 2021.-<\/strong> La XXXV edici\u00f3n del Festival de Teatro Villa de Mijas baja el tel\u00f3n superando todas las expectativas marcadas por el \u00e1rea de Cultura del Ayuntamiento de Mijas. Del 15 al 18 de julio, m\u00e1s de 1.500 personas, en aforo reducido, han disfrutado en el Auditorio Municipal de Mijas Pueblo de la mejor programaci\u00f3n teatral de la Costa del Sol. \u201cMijas sigue siendo un referente en la provincia con este c\u00e9lebre festival que a\u00f1o tras a\u00f1o se supera en calidad, con propuestas novedosas, actuales, que muestran al p\u00fablico lo mejor de la cosecha teatral de nuestro pa\u00eds y lo hace en un espacio, el Auditorio de Mijas, que luce para la ocasi\u00f3n unas instalaciones completamente renovadas\u201d, afirma el alcalde, Josele Gonz\u00e1lez.<\/p>\n\n\n\n<p>La edici\u00f3n arranc\u00f3 el jueves 15 de julio con la producci\u00f3n mije\u00f1a \u2018Dorotea y Margarita\u2019, escrita y dirigida por Manuel Espa\u00f1a. El viernes 16 de julio fue el turno de \u2018Climax\u2019, de Laindalo Creaciones, cuya obra se presentaba por primera vez en M\u00e1laga. El s\u00e1bado 17 de julio fue noche de estreno nacional con los mon\u00f3logos de los actores de \u2018Deuda\u2019, Salva Reina, Miguel \u00c1ngel Mart\u00edn y Pedro \u00c1ngel, y como colof\u00f3n, Yllana con su mezcla de concierto de c\u00e1mara, comedia sat\u00edrica y retrato de \u00e9poca rebautizado bajo el nombre de \u2018Maestrissimo\u2019.<\/p>\n\n\n\n<p>\u201cTras el broche de oro con \u2018Maestrissimo\u2019, el balance no puede ser m\u00e1s positivo. Las cuatro funciones de esta edici\u00f3n no solo han logrado llenar el patio de butacas del Auditorio Municipal sino tambi\u00e9n traer a Mijas espect\u00e1culos de much\u00edsima calidad\u201d, detalla por su parte la edil de Cultura, Ver\u00f3nica Ensberg.<\/p>\n\n\n\n<p>As\u00ed el Auditorio Municipal de Mijas Pueblo, acog\u00eda esta nueva edici\u00f3n tras la renovaci\u00f3n de la instalaci\u00f3n el\u00e9ctrica, la sustituci\u00f3n de la red de saneamientos o la ampliaci\u00f3n del escenario, as\u00ed como la nueva imagen que luce todo el patio de butacas con sillas enumeradas y pintadas con los colores de la bandera de Mijas.<\/p>\n\n\n\n<p>Desde el \u00e1rea de Cultura muestran su agradecimiento a todos los asistentes por cumplir con las medidas de seguridad y acudir con antelaci\u00f3n al recinto para evitar aglomeraciones, garantizando as\u00ed \u201cque la cultura en Mijas siga siendo segura\u201d y afirman que ya est\u00e1n trabajando en la pr\u00f3xima edici\u00f3n para ofrecer \u201cteatro de calidad en un enclave \u00fanico en la Costa del Sol como es el Auditorio Municipal de Mijas\u201d.<\/p>\n","protected":false},"excerpt":{"rendered":"<p>El veterano certamen se celebr\u00f3 del 15 al 18 de julio y cont\u00f3 en su programaci\u00f3n con cuatro espect\u00e1culos, entre ellos un estreno nacional, los mon\u00f3logos de los actores de \u2018Deudas\u2019 Tras celebrarse el pasado a\u00f1o en el Teatro Las Lagunas, el festival vuelve a un auditorio que presenta numerosas mejoras, entre ellas la renovaci\u00f3n [&hellip;]<\/p>\n","protected":false},"author":9,"featured_media":41451,"comment_status":"closed","ping_status":"open","sticky":false,"template":"","format":"standard","meta":[],"categories":[1,19],"tags":[],"jetpack_featured_media_url":"https:\/\/www.mijas.es\/wp-content\/uploads\/2021\/07\/20210720-FESTIVAL-TEATRO-VILLA-MIJAS.jpeg","_links":{"self":[{"href":"https:\/\/www.mijas.es\/portal\/wp-json\/wp\/v2\/posts\/41454"}],"collection":[{"href":"https:\/\/www.mijas.es\/portal\/wp-json\/wp\/v2\/posts"}],"about":[{"href":"https:\/\/www.mijas.es\/portal\/wp-json\/wp\/v2\/types\/post"}],"author":[{"embeddable":true,"href":"https:\/\/www.mijas.es\/portal\/wp-json\/wp\/v2\/users\/9"}],"replies":[{"embeddable":true,"href":"https:\/\/www.mijas.es\/portal\/wp-json\/wp\/v2\/comments?post=41454"}],"version-history":[{"count":1,"href":"https:\/\/www.mijas.es\/portal\/wp-json\/wp\/v2\/posts\/41454\/revisions"}],"predecessor-version":[{"id":41455,"href":"https:\/\/www.mijas.es\/portal\/wp-json\/wp\/v2\/posts\/41454\/revisions\/41455"}],"wp:featuredmedia":[{"embeddable":true,"href":"https:\/\/www.mijas.es\/portal\/wp-json\/wp\/v2\/media\/41451"}],"wp:attachment":[{"href":"https:\/\/www.mijas.es\/portal\/wp-json\/wp\/v2\/media?parent=41454"}],"wp:term":[{"taxonomy":"category","embeddable":true,"href":"https:\/\/www.mijas.es\/portal\/wp-json\/wp\/v2\/categories?post=41454"},{"taxonomy":"post_tag","embeddable":true,"href":"https:\/\/www.mijas.es\/portal\/wp-json\/wp\/v2\/tags?post=41454"}],"curies":[{"name":"wp","href":"https:\/\/api.w.org\/{rel}","templated":true}]}}